{"id":17404,"date":"2024-08-05T20:25:37","date_gmt":"2024-08-05T20:25:37","guid":{"rendered":"https:\/\/radiocresatelital.com\/?p=17404"},"modified":"2024-08-05T20:25:37","modified_gmt":"2024-08-05T20:25:37","slug":"seis-medallas-ganaron-albicelestes-en-nacional-infantil-de-escalada","status":"publish","type":"post","link":"https:\/\/radiocresatelital.com\/?p=17404","title":{"rendered":"Seis medallas ganaron albicelestes en nacional infantil de escalada"},"content":{"rendered":"<p>Guayaquil.- Los albicelestes se colgaron 6 medallas (1 de oro, 4 de plata y 1 de bronce) durante la II Valida Nacional Infantil de Escalada, categor\u00edas U-10 y U-14, que se cumpli\u00f3 el s\u00e1bado 3 y domingo 4 de agosto, en el muro de la Federaci\u00f3n Deportiva del Guayas ubicado a un costado del Estadio Modelo \u201cAlberto Spencer Herrera<strong>\u00a0<\/strong><\/p>\n<p>Entre los 15 escaladores de Guayas, destacaron:<\/p>\n<p><strong>Medalla de oro<\/strong><\/p>\n<p>Dylan Nieves <strong>\u00a0\u00a0\u00a0\u00a0\u00a0\u00a0\u00a0\u00a0\u00a0\u00a0\u00a0\u00a0\u00a01 <\/strong><\/p>\n<p><strong>Plata<\/strong><\/p>\n<p>Zacar\u00edas Garc\u00eda\u00a0\u00a0\u00a0\u00a0\u00a0\u00a0\u00a0\u00a0\u00a0 2<\/p>\n<p>Alejandro Colamarco \u00a0\u00a02<\/p>\n<p><strong>Bronce<\/strong><\/p>\n<p>Dylan Nieves\u00a0\u00a0\u00a0\u00a0\u00a0\u00a0\u00a0\u00a0\u00a0\u00a0\u00a0\u00a0\u00a0\u00a0 1<strong>\u00a0<\/strong><\/p>\n<p>En el certamen participaron 80 representantes de 5 provincias y un club de alto rendimiento. El presidente de la Federaci\u00f3n Ecuatoriana de Escalada y Andinismo, Jos\u00e9 Moreano, indic\u00f3 que el torneo sirvi\u00f3 para observar a los nuevos valores que tienen las provincias en este deporte.<\/p>\n","protected":false},"excerpt":{"rendered":"<p>Guayaquil.- Los albicelestes se colgaron 6 medallas (1 de oro, 4 de plata y 1 de bronce) durante la II Valida Nacional Infantil de Escalada, categor\u00edas U-10 y U-14, que se cumpli\u00f3 el s\u00e1bado 3 y domingo 4 de agosto, en el muro de la Federaci\u00f3n Deportiva del Guayas ubicado a un costado del Estadio [&hellip;]<\/p>\n","protected":false},"author":2,"featured_media":17405,"comment_status":"open","ping_status":"closed","sticky":false,"template":"","format":"standard","meta":{"_jetpack_memberships_contains_paid_content":false,"footnotes":""},"categories":[9],"tags":[2780],"class_list":["post-17404","post","type-post","status-publish","format-standard","has-post-thumbnail","hentry","category-deportes","tag-ii-valida-nacional-infantil-de-escalada"],"jetpack_featured_media_url":"https:\/\/radiocresatelital.com\/wp-content\/uploads\/2024\/08\/WhatsApp-Image-2024-08-05-at-15.20.16.jpeg","jetpack_sharing_enabled":true,"_links":{"self":[{"href":"https:\/\/radiocresatelital.com\/index.php?rest_route=\/wp\/v2\/posts\/17404","targetHints":{"allow":["GET"]}}],"collection":[{"href":"https:\/\/radiocresatelital.com\/index.php?rest_route=\/wp\/v2\/posts"}],"about":[{"href":"https:\/\/radiocresatelital.com\/index.php?rest_route=\/wp\/v2\/types\/post"}],"author":[{"embeddable":true,"href":"https:\/\/radiocresatelital.com\/index.php?rest_route=\/wp\/v2\/users\/2"}],"replies":[{"embeddable":true,"href":"https:\/\/radiocresatelital.com\/index.php?rest_route=%2Fwp%2Fv2%2Fcomments&post=17404"}],"version-history":[{"count":1,"href":"https:\/\/radiocresatelital.com\/index.php?rest_route=\/wp\/v2\/posts\/17404\/revisions"}],"predecessor-version":[{"id":17406,"href":"https:\/\/radiocresatelital.com\/index.php?rest_route=\/wp\/v2\/posts\/17404\/revisions\/17406"}],"wp:featuredmedia":[{"embeddable":true,"href":"https:\/\/radiocresatelital.com\/index.php?rest_route=\/wp\/v2\/media\/17405"}],"wp:attachment":[{"href":"https:\/\/radiocresatelital.com\/index.php?rest_route=%2Fwp%2Fv2%2Fmedia&parent=17404"}],"wp:term":[{"taxonomy":"category","embeddable":true,"href":"https:\/\/radiocresatelital.com\/index.php?rest_route=%2Fwp%2Fv2%2Fcategories&post=17404"},{"taxonomy":"post_tag","embeddable":true,"href":"https:\/\/radiocresatelital.com\/index.php?rest_route=%2Fwp%2Fv2%2Ftags&post=17404"}],"curies":[{"name":"wp","href":"https:\/\/api.w.org\/{rel}","templated":true}]}}