{"id":17392,"date":"2024-08-05T18:01:03","date_gmt":"2024-08-05T18:01:03","guid":{"rendered":"https:\/\/radiocresatelital.com\/?p=17392"},"modified":"2024-08-05T18:18:46","modified_gmt":"2024-08-05T18:18:46","slug":"feria-del-nuevo-ecuador-en-duran-un-compromiso-duradero-con-la-comunidad","status":"publish","type":"post","link":"https:\/\/radiocresatelital.com\/?p=17392","title":{"rendered":"Feria del Nuevo Ecuador en Dur\u00e1n: Un Compromiso Duradero con la Comunidad"},"content":{"rendered":"<p>Guayaquil.- El Gobernador del Guayas, Vicente Auad, junto a las ministras de Interior, M\u00f3nica Palencia, y del Trabajo, Ivonne N\u00fa\u00f1ez, encabezaron una visita a la Feria del Nuevo Ecuador en el sector de la primavera 1, en la Liga Deportiva del cant\u00f3n Dur\u00e1n.<\/p>\n<p>Esta iniciativa, impulsada por el Bloque de Seguridad y el Frente Social, busca involucrar activamente a la comunidad durane\u00f1os en los planes, programas y servicios integrales del gobierno nacional.<\/p>\n<p><strong>Participaci\u00f3n Ciudadana y Beneficios<\/strong><br \/>\nCientos de ciudadanos de todas las edades respondieron a la invitaci\u00f3n de las autoridades y se beneficiaron de diversas actividades. Entre ellas: Atenci\u00f3n M\u00e9dica: Los asistentes recibieron atenci\u00f3n m\u00e9dica, incluyendo la toma de signos vitales y la entrega de medicamentos.<\/p>\n<p>El show canino tambi\u00e9n se hizo presente cautivando a los presentes con las destrezas de los guardianes Presencia Policial: La Polic\u00eda Nacional, representada por el carism\u00e1tico personaje Paquito, ofreci\u00f3 ense\u00f1anzas y recomendaciones a los ni\u00f1os. Adem\u00e1s, se inform\u00f3 a la comunidad sobre los diferentes servicios policiales y c\u00f3mo acceder a ellos. La banda musical de la entidad policial ameniz\u00f3 la jornada.<\/p>\n<p><strong>Emprendedores:<\/strong><br \/>\nEl importante sector de emprendedores del pa\u00eds tuvo la oportunidad de exhibir sus productos. Estos emprendedores han sido beneficiados por los incentivos entregados por el gobierno de El Nuevo Ecuador.<\/p>\n<p><strong>Compromiso duradero<\/strong><br \/>\n\u201cJunto al frente social y al bloque de seguridad estamos ejecutando un plan integral, acciones que no son solo de un d\u00eda, permaneceremos el tiempo que sea necesario para erradicar esta dura situaci\u00f3n que viven los durane\u00f1os\u201d destac\u00f3 la autoridad provincial.<\/p>\n<p><strong>Fortaleciendo la Seguridad e Integraci\u00f3n<\/strong><br \/>\nEstas actividades buscan fortalecer la seguridad y la integraci\u00f3n con la ciudadan\u00eda, proporcionando acceso a informaci\u00f3n y atenci\u00f3n de las instituciones gubernamentales. La Feria del Nuevo Ecuador es un paso significativo hacia la recuperaci\u00f3n integral de Dur\u00e1n y la reconstrucci\u00f3n del tejido social.<\/p>\n","protected":false},"excerpt":{"rendered":"<p>Guayaquil.- El Gobernador del Guayas, Vicente Auad, junto a las ministras de Interior, M\u00f3nica Palencia, y del Trabajo, Ivonne N\u00fa\u00f1ez, encabezaron una visita a la Feria del Nuevo Ecuador en el sector de la primavera 1, en la Liga Deportiva del cant\u00f3n Dur\u00e1n. Esta iniciativa, impulsada por el Bloque de Seguridad y el Frente Social, [&hellip;]<\/p>\n","protected":false},"author":2,"featured_media":17393,"comment_status":"open","ping_status":"closed","sticky":false,"template":"","format":"standard","meta":{"_jetpack_memberships_contains_paid_content":false,"footnotes":""},"categories":[13],"tags":[1370,2776,2212],"class_list":["post-17392","post","type-post","status-publish","format-standard","has-post-thumbnail","hentry","category-noticias-nacionales","tag-gobernador-del-guayas","tag-ministra-de-interior","tag-vicente-auad"],"jetpack_featured_media_url":"https:\/\/radiocresatelital.com\/wp-content\/uploads\/2024\/08\/WhatsApp-Image-2024-08-05-at-09.22.49.jpeg","jetpack_sharing_enabled":true,"_links":{"self":[{"href":"https:\/\/radiocresatelital.com\/index.php?rest_route=\/wp\/v2\/posts\/17392","targetHints":{"allow":["GET"]}}],"collection":[{"href":"https:\/\/radiocresatelital.com\/index.php?rest_route=\/wp\/v2\/posts"}],"about":[{"href":"https:\/\/radiocresatelital.com\/index.php?rest_route=\/wp\/v2\/types\/post"}],"author":[{"embeddable":true,"href":"https:\/\/radiocresatelital.com\/index.php?rest_route=\/wp\/v2\/users\/2"}],"replies":[{"embeddable":true,"href":"https:\/\/radiocresatelital.com\/index.php?rest_route=%2Fwp%2Fv2%2Fcomments&post=17392"}],"version-history":[{"count":1,"href":"https:\/\/radiocresatelital.com\/index.php?rest_route=\/wp\/v2\/posts\/17392\/revisions"}],"predecessor-version":[{"id":17394,"href":"https:\/\/radiocresatelital.com\/index.php?rest_route=\/wp\/v2\/posts\/17392\/revisions\/17394"}],"wp:featuredmedia":[{"embeddable":true,"href":"https:\/\/radiocresatelital.com\/index.php?rest_route=\/wp\/v2\/media\/17393"}],"wp:attachment":[{"href":"https:\/\/radiocresatelital.com\/index.php?rest_route=%2Fwp%2Fv2%2Fmedia&parent=17392"}],"wp:term":[{"taxonomy":"category","embeddable":true,"href":"https:\/\/radiocresatelital.com\/index.php?rest_route=%2Fwp%2Fv2%2Fcategories&post=17392"},{"taxonomy":"post_tag","embeddable":true,"href":"https:\/\/radiocresatelital.com\/index.php?rest_route=%2Fwp%2Fv2%2Ftags&post=17392"}],"curies":[{"name":"wp","href":"https:\/\/api.w.org\/{rel}","templated":true}]}}