{"id":17271,"date":"2024-08-02T18:50:14","date_gmt":"2024-08-02T18:50:14","guid":{"rendered":"https:\/\/radiocresatelital.com\/?p=17271"},"modified":"2024-08-02T18:50:14","modified_gmt":"2024-08-02T18:50:14","slug":"vicealcaldesa-blanca-lopez-participa-en-un-ciclo-de-conferencias-en-seul-para-la-revitalizacion-urbana-en-guayaquil","status":"publish","type":"post","link":"https:\/\/radiocresatelital.com\/?p=17271","title":{"rendered":"Vicealcaldesa Blanca L\u00f3pez participa en un ciclo de conferencias en Se\u00fal para la revitalizaci\u00f3n urbana en Guayaquil"},"content":{"rendered":"<p>Guayaquil.- Por delegaci\u00f3n del Alcalde Aquiles Alvarez, la vicealcaldesa Blanca L\u00f3pez participa en la tercera edici\u00f3n del curso de pol\u00edtica urbana bajo la cooperaci\u00f3n entre Guayaquil y Se\u00fal. La agenda se desarrolla en la capital coreana, entre el 22 de julio y 3 de agosto.<\/p>\n<p>La invitaci\u00f3n la desarroll\u00f3 la Korean Internacional Cooperation Agency (KOICA, por sus siglas en ingl\u00e9s) y el curso es llevado a cabo por SUSA (Seoul Urban Solutions Agency), encargado de la cooperaci\u00f3n internacional para el desarrollo de Se\u00fal.<\/p>\n<p>Los ciclos de conferencias incluyeron contenido sobre el desarrollo de Se\u00fal, as\u00ed como planes efectivos de uso del suelo, zonas industriales, espacios p\u00fablicos y peatonales, viviendas vacantes, regeneraci\u00f3n urbana y gesti\u00f3n inteligente de la ciudad. El objetivo es compartir con Guayaquil la experiencia de desarrollo urbano de esa ciudad asi\u00e1tica.<\/p>\n<p>Este 1 de agosto, la vicealcaldesa sostuvo un encuentro con representantes de SUSA para conocer sobre las pol\u00edticas de Se\u00fal para construir una comunidad urbana sostenible.<\/p>\n<p>\u201cEn esta reuni\u00f3n compartimos algunos proyectos que tenemos en el Municipio de Guayaquil enfocados en la revitalizaci\u00f3n de espacios p\u00fablicos, arbolado urbano de la ciudad y tambi\u00e9n en la conexi\u00f3n de las \u00e1reas de conservaci\u00f3n y ecosistemas naturales con espacios urbanos para poder mejorar la calidad del<br \/>\naire, mitigar los efectos del cambio clim\u00e1tico y fortalecer la resiliencia urbana\u201d, dijo L\u00f3pez.<\/p>\n<p>Adem\u00e1s de las conferencias, se realizaron visitas de campo a sitios como el distrito de Smart City de Magok y Sangam DMC, as\u00ed como el pueblo de casas tradicionales de Bukchon y Seongdong, donde se exploraron diversas formas para abordar los problemas urbanos de Guayaquil y as\u00ed avanzar en la construcci\u00f3n de la Ciudad de Todos.<\/p>\n","protected":false},"excerpt":{"rendered":"<p>Guayaquil.- Por delegaci\u00f3n del Alcalde Aquiles Alvarez, la vicealcaldesa Blanca L\u00f3pez participa en la tercera edici\u00f3n del curso de pol\u00edtica urbana bajo la cooperaci\u00f3n entre Guayaquil y Se\u00fal. La agenda se desarrolla en la capital coreana, entre el 22 de julio y 3 de agosto. La invitaci\u00f3n la desarroll\u00f3 la Korean Internacional Cooperation Agency (KOICA, [&hellip;]<\/p>\n","protected":false},"author":2,"featured_media":17272,"comment_status":"open","ping_status":"closed","sticky":false,"template":"","format":"standard","meta":{"_jetpack_memberships_contains_paid_content":false,"footnotes":""},"categories":[33,13],"tags":[1257],"class_list":["post-17271","post","type-post","status-publish","format-standard","has-post-thumbnail","hentry","category-guayaquil","category-noticias-nacionales","tag-vicealcaldesa-blanca-lopez"],"jetpack_featured_media_url":"https:\/\/radiocresatelital.com\/wp-content\/uploads\/2024\/08\/KakaoTalk_Photo_2024-07-26-11-25-43-002.jpeg","jetpack_sharing_enabled":true,"_links":{"self":[{"href":"https:\/\/radiocresatelital.com\/index.php?rest_route=\/wp\/v2\/posts\/17271","targetHints":{"allow":["GET"]}}],"collection":[{"href":"https:\/\/radiocresatelital.com\/index.php?rest_route=\/wp\/v2\/posts"}],"about":[{"href":"https:\/\/radiocresatelital.com\/index.php?rest_route=\/wp\/v2\/types\/post"}],"author":[{"embeddable":true,"href":"https:\/\/radiocresatelital.com\/index.php?rest_route=\/wp\/v2\/users\/2"}],"replies":[{"embeddable":true,"href":"https:\/\/radiocresatelital.com\/index.php?rest_route=%2Fwp%2Fv2%2Fcomments&post=17271"}],"version-history":[{"count":1,"href":"https:\/\/radiocresatelital.com\/index.php?rest_route=\/wp\/v2\/posts\/17271\/revisions"}],"predecessor-version":[{"id":17273,"href":"https:\/\/radiocresatelital.com\/index.php?rest_route=\/wp\/v2\/posts\/17271\/revisions\/17273"}],"wp:featuredmedia":[{"embeddable":true,"href":"https:\/\/radiocresatelital.com\/index.php?rest_route=\/wp\/v2\/media\/17272"}],"wp:attachment":[{"href":"https:\/\/radiocresatelital.com\/index.php?rest_route=%2Fwp%2Fv2%2Fmedia&parent=17271"}],"wp:term":[{"taxonomy":"category","embeddable":true,"href":"https:\/\/radiocresatelital.com\/index.php?rest_route=%2Fwp%2Fv2%2Fcategories&post=17271"},{"taxonomy":"post_tag","embeddable":true,"href":"https:\/\/radiocresatelital.com\/index.php?rest_route=%2Fwp%2Fv2%2Ftags&post=17271"}],"curies":[{"name":"wp","href":"https:\/\/api.w.org\/{rel}","templated":true}]}}