{"id":17257,"date":"2024-08-02T15:43:35","date_gmt":"2024-08-02T15:43:35","guid":{"rendered":"https:\/\/radiocresatelital.com\/?p=17257"},"modified":"2024-08-02T15:43:35","modified_gmt":"2024-08-02T15:43:35","slug":"equipo-periodistico-de-la-television-nacional-chilena-detenido-por-militares-y-deportado-de-venezuela","status":"publish","type":"post","link":"https:\/\/radiocresatelital.com\/?p=17257","title":{"rendered":"Equipo period\u00edstico de la Televisi\u00f3n Nacional Chilena, detenido por militares y deportado de Venezuela"},"content":{"rendered":"<header class=\"enc-port enc-txt\">\n<div class=\"breadcrumbs\"><\/div>\n<\/header>\n<section class=\"enc-art\">\n<div class=\"titular\">\n<p class=\"baj\">Santiago de Chile.-El equipo formado por el periodista Iv\u00e1n N\u00fa\u00f1ez y el camar\u00f3grafo Jos\u00e9 Luis Tapia, quienes pertenecen a la Televisi\u00f3n Nacional Chilena, fueron retenidos por una patrulla militar y seg\u00fan se conoce de \u00faltimo momento, ser\u00e1n deportados.<\/p>\n<\/div>\n<\/section>\n<section class=\"art-content\">\n<div>Este equipo period\u00edstico de amplia experiencia fue enviado por TVN debido a los \u00faltimos sucesos de Venezuela en torno a sus recientes y burladas elecciones, tomando en cuenta el inter\u00e9s de Am\u00e9rica Latina y de la comunidad internacional en general, para atestiguar y documentar los abusos que se est\u00e1n cometiendo contra la poblaci\u00f3n venezolana e informar con objetividad y veracidad.<\/div>\n<div class=\"CUERPO\">\n<p>El equipo period\u00edstico ingreso con toda su documentaci\u00f3n en orden por C\u00facuta, cruz\u00f3 dos controles y fueron detenidos por una patrulla militar en Churur\u00fa, cerca a Barinas. El \u00faltimo contacto con los detenidos ayer por la tarde.<\/p>\n<p>El<strong> embajador de Chile en Venezuela,<\/strong>\u00a0<strong>Jaime Gazmuri<\/strong>, tom\u00f3 el tema en sus manos y luego de realizar las gestiones pertinentes para ubicar y exigir la liberaci\u00f3n de los periodistas, las autoridades venezolanas decidieron deportarlos.<\/p>\n<p>Televisi\u00f3n Nacional Chilena reiter\u00f3 su compromiso con el periodismo y su derecho a ejercerlo de manera libre, como un pilar fundamental de la sociedad democr\u00e1tica.<\/p>\n<\/div>\n<\/section>\n","protected":false},"excerpt":{"rendered":"<p>Santiago de Chile.-El equipo formado por el periodista Iv\u00e1n N\u00fa\u00f1ez y el camar\u00f3grafo Jos\u00e9 Luis Tapia, quienes pertenecen a la Televisi\u00f3n Nacional Chilena, fueron retenidos por una patrulla militar y seg\u00fan se conoce de \u00faltimo momento, ser\u00e1n deportados. Este equipo period\u00edstico de amplia experiencia fue enviado por TVN debido a los \u00faltimos sucesos de Venezuela [&hellip;]<\/p>\n","protected":false},"author":3,"featured_media":17258,"comment_status":"open","ping_status":"closed","sticky":false,"template":"","format":"standard","meta":{"_jetpack_memberships_contains_paid_content":false,"footnotes":""},"categories":[13],"tags":[2756],"class_list":["post-17257","post","type-post","status-publish","format-standard","has-post-thumbnail","hentry","category-noticias-nacionales","tag-tvn"],"jetpack_featured_media_url":"https:\/\/radiocresatelital.com\/wp-content\/uploads\/2024\/08\/ivan-nunez.jpeg","jetpack_sharing_enabled":true,"_links":{"self":[{"href":"https:\/\/radiocresatelital.com\/index.php?rest_route=\/wp\/v2\/posts\/17257","targetHints":{"allow":["GET"]}}],"collection":[{"href":"https:\/\/radiocresatelital.com\/index.php?rest_route=\/wp\/v2\/posts"}],"about":[{"href":"https:\/\/radiocresatelital.com\/index.php?rest_route=\/wp\/v2\/types\/post"}],"author":[{"embeddable":true,"href":"https:\/\/radiocresatelital.com\/index.php?rest_route=\/wp\/v2\/users\/3"}],"replies":[{"embeddable":true,"href":"https:\/\/radiocresatelital.com\/index.php?rest_route=%2Fwp%2Fv2%2Fcomments&post=17257"}],"version-history":[{"count":1,"href":"https:\/\/radiocresatelital.com\/index.php?rest_route=\/wp\/v2\/posts\/17257\/revisions"}],"predecessor-version":[{"id":17259,"href":"https:\/\/radiocresatelital.com\/index.php?rest_route=\/wp\/v2\/posts\/17257\/revisions\/17259"}],"wp:featuredmedia":[{"embeddable":true,"href":"https:\/\/radiocresatelital.com\/index.php?rest_route=\/wp\/v2\/media\/17258"}],"wp:attachment":[{"href":"https:\/\/radiocresatelital.com\/index.php?rest_route=%2Fwp%2Fv2%2Fmedia&parent=17257"}],"wp:term":[{"taxonomy":"category","embeddable":true,"href":"https:\/\/radiocresatelital.com\/index.php?rest_route=%2Fwp%2Fv2%2Fcategories&post=17257"},{"taxonomy":"post_tag","embeddable":true,"href":"https:\/\/radiocresatelital.com\/index.php?rest_route=%2Fwp%2Fv2%2Ftags&post=17257"}],"curies":[{"name":"wp","href":"https:\/\/api.w.org\/{rel}","templated":true}]}}