{"id":17253,"date":"2024-08-02T15:13:30","date_gmt":"2024-08-02T15:13:30","guid":{"rendered":"https:\/\/radiocresatelital.com\/?p=17253"},"modified":"2024-08-02T15:13:30","modified_gmt":"2024-08-02T15:13:30","slug":"no-podemos-estar-de-nineras-dijo-el-gobernador-del-guayas-al-referirse-a-la-ultima-masacre-en-duran","status":"publish","type":"post","link":"https:\/\/radiocresatelital.com\/?p=17253","title":{"rendered":"No podemos estar de ni\u00f1eras, dijo el gobernador del Guayas, al referirse a la \u00faltima masacre en Dur\u00e1n"},"content":{"rendered":"<p>Dur\u00e1n.- La masacre en Dur\u00e1n fue en un espacio privado, no podemos tener policias y estar cuidando a las personas en los espacios privados, ni viendo lo que hagan antes de irse a dormir ni si van a tomar en donde ver donde van a disparar con su amigo, eso no podemos estar haciendo, dijo el Gobernador del Guayas, Vicente Auad, al referirse a la \u00faltima masacre sucedida en Dur\u00e1n, donde perdieron la vida 6 personas.<\/p>\n<p>El gobernador del Guayas, dijo que este hecho no se considera un fracaso en cuanto a la estrategia de seguridad anunciada para Dur\u00e1n porque la labor gubernamental es imponer el orden p\u00fablico a trav\u00e9s de las fuerzas del orden de acuerdo a lo planificado.<\/p>\n<p>El presidente de la Rep\u00fablica, Daniel Noboa, hace poco m\u00e1s de una semana anunci\u00f3 que habr\u00eda una estrategia de seguridad muy dr\u00e1stica en dicho cant\u00f3n y advirti\u00f3 a los delincuentes sobre lo que se les ven\u00eda, sin embargo&#8230;la delincuencia ha seguido haciendo de las suyas.<\/p>\n<div style=\"width: 640px;\" class=\"wp-video\"><video class=\"wp-video-shortcode\" id=\"video-17253-1\" width=\"640\" height=\"350\" preload=\"metadata\" controls=\"controls\"><source type=\"video\/mp4\" src=\"https:\/\/radiocresatelital.com\/wp-content\/uploads\/2024\/08\/teHjK1g4GAajOMh3.mp4?_=1\" \/><a href=\"https:\/\/radiocresatelital.com\/wp-content\/uploads\/2024\/08\/teHjK1g4GAajOMh3.mp4\">https:\/\/radiocresatelital.com\/wp-content\/uploads\/2024\/08\/teHjK1g4GAajOMh3.mp4<\/a><\/video><\/div>\n","protected":false},"excerpt":{"rendered":"<p>Dur\u00e1n.- La masacre en Dur\u00e1n fue en un espacio privado, no podemos tener policias y estar cuidando a las personas en los espacios privados, ni viendo lo que hagan antes de irse a dormir ni si van a tomar en donde ver donde van a disparar con su amigo, eso no podemos estar haciendo, dijo [&hellip;]<\/p>\n","protected":false},"author":3,"featured_media":17255,"comment_status":"open","ping_status":"closed","sticky":false,"template":"","format":"standard","meta":{"_jetpack_memberships_contains_paid_content":false,"footnotes":""},"categories":[13],"tags":[45],"class_list":["post-17253","post","type-post","status-publish","format-standard","has-post-thumbnail","hentry","category-noticias-nacionales","tag-duran"],"jetpack_featured_media_url":"https:\/\/radiocresatelital.com\/wp-content\/uploads\/2024\/08\/masacre-en-duran.jpg","jetpack_sharing_enabled":true,"_links":{"self":[{"href":"https:\/\/radiocresatelital.com\/index.php?rest_route=\/wp\/v2\/posts\/17253","targetHints":{"allow":["GET"]}}],"collection":[{"href":"https:\/\/radiocresatelital.com\/index.php?rest_route=\/wp\/v2\/posts"}],"about":[{"href":"https:\/\/radiocresatelital.com\/index.php?rest_route=\/wp\/v2\/types\/post"}],"author":[{"embeddable":true,"href":"https:\/\/radiocresatelital.com\/index.php?rest_route=\/wp\/v2\/users\/3"}],"replies":[{"embeddable":true,"href":"https:\/\/radiocresatelital.com\/index.php?rest_route=%2Fwp%2Fv2%2Fcomments&post=17253"}],"version-history":[{"count":1,"href":"https:\/\/radiocresatelital.com\/index.php?rest_route=\/wp\/v2\/posts\/17253\/revisions"}],"predecessor-version":[{"id":17256,"href":"https:\/\/radiocresatelital.com\/index.php?rest_route=\/wp\/v2\/posts\/17253\/revisions\/17256"}],"wp:featuredmedia":[{"embeddable":true,"href":"https:\/\/radiocresatelital.com\/index.php?rest_route=\/wp\/v2\/media\/17255"}],"wp:attachment":[{"href":"https:\/\/radiocresatelital.com\/index.php?rest_route=%2Fwp%2Fv2%2Fmedia&parent=17253"}],"wp:term":[{"taxonomy":"category","embeddable":true,"href":"https:\/\/radiocresatelital.com\/index.php?rest_route=%2Fwp%2Fv2%2Fcategories&post=17253"},{"taxonomy":"post_tag","embeddable":true,"href":"https:\/\/radiocresatelital.com\/index.php?rest_route=%2Fwp%2Fv2%2Ftags&post=17253"}],"curies":[{"name":"wp","href":"https:\/\/api.w.org\/{rel}","templated":true}]}}