{"id":16966,"date":"2024-07-29T20:34:09","date_gmt":"2024-07-29T20:34:09","guid":{"rendered":"https:\/\/radiocresatelital.com\/?p=16966"},"modified":"2024-07-29T20:34:09","modified_gmt":"2024-07-29T20:34:09","slug":"platini-critica-la-cantidad-de-partidos-que-se-juegan-en-la-actualidad","status":"publish","type":"post","link":"https:\/\/radiocresatelital.com\/?p=16966","title":{"rendered":"Platini critica la cantidad de partidos que se juegan en la actualidad"},"content":{"rendered":"<p>Par\u00eds.- El ex Presidente de la UEFA, Michel Platini, quien brill\u00f3 en Juventus entre 1982 y 1987, ha participado del Festival de Cine de Magna Grecia y cuestion\u00f3 la excesiva cantidad de partidos de f\u00fatbol.<\/p>\n<p>\u00abVuelvo a Catanzaro despu\u00e9s de 40 a\u00f1os.\u00a0La \u00faltima vez que vine marqu\u00e9 dos goles y los locales me pidieron que no volviera m\u00e1s. Volv\u00ed 40 a\u00f1os despu\u00e9s\u00bb, afirm\u00f3 Platini tras ser presentado por su amigo y ex compa\u00f1ero Massimo Mauro.<\/p>\n<p>Luego de su participaci\u00f3n en el evento organizado por Calabria Film Commission, el ex futbolista de 69 a\u00f1os ofreci\u00f3 un reportaje a la cadena Sky Sports, en el que, entre otras cosas, record\u00f3 su paso por la capital calabresa on Juventus en 1983.<\/p>\n<p>\u00abEn el f\u00fatbol actual hay demasiados partidos en la TV, si ves a un jugador cada tres d\u00edas ya no quieres verlo.\u00a0Ahora siempre sabes todo, sabes c\u00f3mo juega cada uno, all\u00ed ha no hay curiosidad\u00bb, lament\u00f3 Platini.<\/p>\n<p>\u00abCuando era peque\u00f1o quer\u00eda que me llamaran &#8216;Pel\u00e9atini&#8217; porque Pel\u00e8 era una leyenda del f\u00fatbol. Todo el mundo hablaba de \u00e9l sin haberle visto jugar. Luego lleg\u00f3 el verano del 70, lo vi en la TV en el Mundial en M\u00e9xico y nos dimos cuenta de que todo lo que dec\u00edan de \u00e9l era cierto. Fue fant\u00e1stico\u00bb, record\u00f3 \u00abLe Roi\u00bb sobre el fallecido astro brasile\u00f1o.<\/p>\n<p>Platini, que durante el festival tambi\u00e9n record\u00f3 a su padre Aldo y a su abuelo Francesco, al h\u00fangaro Ladislao Kubala y al neerland\u00e9s Johan Cruyff, revel\u00f3 que \u00abpas\u00f3 a\u00f1os\u00bb estudiando su t\u00e1ctica de juego.<\/p>\n<p>\u00abLos dem\u00e1s estudiaron el teorema de Pit\u00e1goras, que a m\u00ed no me importaba, pas\u00e9 horas estudiando con los ojos cerrados las posiciones de todas las personas presentes en el campo, compa\u00f1eros y oponentes, pensando en c\u00f3mo anticiparnos sin mirar el bal\u00f3n\u00bb, relat\u00f3.<\/p>\n<p>En el viaje de la memoria no pod\u00eda faltar la memoria de Gianni Agnelli, legendario ex presidente de Juventus y responsable de su llegada a la \u00abVecchia Signora\u00bb.<\/p>\n<p>\u00abPrimero fui al Saint Etienne, donde aterric\u00e9 porque no fui al Valencia y al Inter. En el 82 el &#8216;abogado&#8217; quer\u00eda que me uniera a Juventus y al principio no fue f\u00e1cil. Estaban todos los campeones\u00bb, evoc\u00f3.<\/p>\n<p>\u00abEl &#8216;abogado&#8217; fue fant\u00e1stico conmigo. Recuerdo que cuando cumpli\u00f3 70 a\u00f1os me invitaron y en esa ocasi\u00f3n le di mi primer Bal\u00f3n de Oro y me pregunt\u00f3 si era todo de oro. Le respond\u00ed que si hubiera sido todo de oro, nunca se lo habr\u00eda dado\u00bb, complet\u00f3 Platini entre risas.<\/p>\n","protected":false},"excerpt":{"rendered":"<p>Par\u00eds.- El ex Presidente de la UEFA, Michel Platini, quien brill\u00f3 en Juventus entre 1982 y 1987, ha participado del Festival de Cine de Magna Grecia y cuestion\u00f3 la excesiva cantidad de partidos de f\u00fatbol. \u00abVuelvo a Catanzaro despu\u00e9s de 40 a\u00f1os.\u00a0La \u00faltima vez que vine marqu\u00e9 dos goles y los locales me pidieron que [&hellip;]<\/p>\n","protected":false},"author":2,"featured_media":16967,"comment_status":"open","ping_status":"closed","sticky":false,"template":"","format":"standard","meta":{"_jetpack_memberships_contains_paid_content":false,"footnotes":""},"categories":[7],"tags":[2712],"class_list":["post-16966","post","type-post","status-publish","format-standard","has-post-thumbnail","hentry","category-futbol-internacional","tag-michel-platini"],"jetpack_featured_media_url":"https:\/\/radiocresatelital.com\/wp-content\/uploads\/2024\/07\/merlin_156394761_00a4235d-3829-46fb-ad4b-8fedce76be0a-articleLarge.webp","jetpack_sharing_enabled":true,"_links":{"self":[{"href":"https:\/\/radiocresatelital.com\/index.php?rest_route=\/wp\/v2\/posts\/16966","targetHints":{"allow":["GET"]}}],"collection":[{"href":"https:\/\/radiocresatelital.com\/index.php?rest_route=\/wp\/v2\/posts"}],"about":[{"href":"https:\/\/radiocresatelital.com\/index.php?rest_route=\/wp\/v2\/types\/post"}],"author":[{"embeddable":true,"href":"https:\/\/radiocresatelital.com\/index.php?rest_route=\/wp\/v2\/users\/2"}],"replies":[{"embeddable":true,"href":"https:\/\/radiocresatelital.com\/index.php?rest_route=%2Fwp%2Fv2%2Fcomments&post=16966"}],"version-history":[{"count":1,"href":"https:\/\/radiocresatelital.com\/index.php?rest_route=\/wp\/v2\/posts\/16966\/revisions"}],"predecessor-version":[{"id":16968,"href":"https:\/\/radiocresatelital.com\/index.php?rest_route=\/wp\/v2\/posts\/16966\/revisions\/16968"}],"wp:featuredmedia":[{"embeddable":true,"href":"https:\/\/radiocresatelital.com\/index.php?rest_route=\/wp\/v2\/media\/16967"}],"wp:attachment":[{"href":"https:\/\/radiocresatelital.com\/index.php?rest_route=%2Fwp%2Fv2%2Fmedia&parent=16966"}],"wp:term":[{"taxonomy":"category","embeddable":true,"href":"https:\/\/radiocresatelital.com\/index.php?rest_route=%2Fwp%2Fv2%2Fcategories&post=16966"},{"taxonomy":"post_tag","embeddable":true,"href":"https:\/\/radiocresatelital.com\/index.php?rest_route=%2Fwp%2Fv2%2Ftags&post=16966"}],"curies":[{"name":"wp","href":"https:\/\/api.w.org\/{rel}","templated":true}]}}