{"id":16874,"date":"2024-07-25T15:02:25","date_gmt":"2024-07-25T15:02:25","guid":{"rendered":"https:\/\/radiocresatelital.com\/?p=16874"},"modified":"2024-07-25T15:02:25","modified_gmt":"2024-07-25T15:02:25","slug":"fiestas-guayaquilenas-y-proselitismo-puente-empapelado-con-rostro-del-presidente-noboa","status":"publish","type":"post","link":"https:\/\/radiocresatelital.com\/?p=16874","title":{"rendered":"Fiestas guayaquile\u00f1as y proselitismo? Puente empapelado con rostro del Presidente Noboa"},"content":{"rendered":"<div class=\"paragraph\">\n<p>Guayaqui.- El Complejo de Puentes de la Unidad Nacional, dependientes del Ministerio de Transporte y Obras P\u00fablicas, amaneci\u00f3 hoy 25 de julio lleno de posters con la cara del primer mandatario Daniel Noboa, saludando a Guayaquil, pero tambi\u00e9n con la frase \u00abSarmiento es Pueblo\u00bb.<\/p>\n<p>Aunque el actual presidente no ha oficializado su candidatura para una posible reeleci\u00f3n, se conoce de sus intenciones de oficializaar su candidatura en el mes de agosto, al igual que se conoce que es prohibida la propaganda pol\u00edtica adelantada.<\/p>\n<p>No es la primera vez que este complejo de puentes es empapelado con el rostro del presidnete Daniel Noboa, ya ocurri\u00f3 previo a la Consulta Popular este a\u00f1o en el mes de Abril pero unos d\u00edas antes de dicho proceso electoral todos los afiches fueron retirados por parte del mismo Ministerio de Transporte y Obras P\u00fablicas.<\/p>\n<p>&nbsp;<\/p>\n<\/div>\n<figure class=\"contentMedia art-img\">\n<div><\/div>\n<\/figure>\n","protected":false},"excerpt":{"rendered":"<p>Guayaqui.- El Complejo de Puentes de la Unidad Nacional, dependientes del Ministerio de Transporte y Obras P\u00fablicas, amaneci\u00f3 hoy 25 de julio lleno de posters con la cara del primer mandatario Daniel Noboa, saludando a Guayaquil, pero tambi\u00e9n con la frase \u00abSarmiento es Pueblo\u00bb. Aunque el actual presidente no ha oficializado su candidatura para una [&hellip;]<\/p>\n","protected":false},"author":3,"featured_media":16875,"comment_status":"open","ping_status":"closed","sticky":false,"template":"","format":"standard","meta":{"_jetpack_memberships_contains_paid_content":false,"footnotes":""},"categories":[13],"tags":[2323],"class_list":["post-16874","post","type-post","status-publish","format-standard","has-post-thumbnail","hentry","category-noticias-nacionales","tag-danielnoboa"],"jetpack_featured_media_url":"https:\/\/radiocresatelital.com\/wp-content\/uploads\/2024\/07\/puente-empapelado.jpeg","jetpack_sharing_enabled":true,"_links":{"self":[{"href":"https:\/\/radiocresatelital.com\/index.php?rest_route=\/wp\/v2\/posts\/16874","targetHints":{"allow":["GET"]}}],"collection":[{"href":"https:\/\/radiocresatelital.com\/index.php?rest_route=\/wp\/v2\/posts"}],"about":[{"href":"https:\/\/radiocresatelital.com\/index.php?rest_route=\/wp\/v2\/types\/post"}],"author":[{"embeddable":true,"href":"https:\/\/radiocresatelital.com\/index.php?rest_route=\/wp\/v2\/users\/3"}],"replies":[{"embeddable":true,"href":"https:\/\/radiocresatelital.com\/index.php?rest_route=%2Fwp%2Fv2%2Fcomments&post=16874"}],"version-history":[{"count":1,"href":"https:\/\/radiocresatelital.com\/index.php?rest_route=\/wp\/v2\/posts\/16874\/revisions"}],"predecessor-version":[{"id":16876,"href":"https:\/\/radiocresatelital.com\/index.php?rest_route=\/wp\/v2\/posts\/16874\/revisions\/16876"}],"wp:featuredmedia":[{"embeddable":true,"href":"https:\/\/radiocresatelital.com\/index.php?rest_route=\/wp\/v2\/media\/16875"}],"wp:attachment":[{"href":"https:\/\/radiocresatelital.com\/index.php?rest_route=%2Fwp%2Fv2%2Fmedia&parent=16874"}],"wp:term":[{"taxonomy":"category","embeddable":true,"href":"https:\/\/radiocresatelital.com\/index.php?rest_route=%2Fwp%2Fv2%2Fcategories&post=16874"},{"taxonomy":"post_tag","embeddable":true,"href":"https:\/\/radiocresatelital.com\/index.php?rest_route=%2Fwp%2Fv2%2Ftags&post=16874"}],"curies":[{"name":"wp","href":"https:\/\/api.w.org\/{rel}","templated":true}]}}