{"id":16795,"date":"2024-07-23T18:24:08","date_gmt":"2024-07-23T18:24:08","guid":{"rendered":"https:\/\/radiocresatelital.com\/?p=16795"},"modified":"2024-07-23T20:24:09","modified_gmt":"2024-07-23T20:24:09","slug":"javier-el-vasco-aguirre-nuevo-tecnico-de-mexico","status":"publish","type":"post","link":"https:\/\/radiocresatelital.com\/?p=16795","title":{"rendered":"Javier \u00abEl Vasco\u00bb Aguirre nuevo T\u00e9cnico de M\u00e9xico"},"content":{"rendered":"<p>M\u00e9xico DF.- El t\u00e9cnico Javier \u00abEl Vasco\u00bb Aguirre, ha sido presentado como nuevo DT de la selecci\u00f3n mexicana de f\u00fatbol, qui\u00e9n tendr\u00e1 como asistente t\u00e9cnico al ex defensor Rafael M\u00e1rquez.<\/p>\n<p>Lo anunci\u00f3 la Federaci\u00f3n Mexicana de F\u00fatbol (FMF), cuyo presidente Ivar Sisniega, indic\u00f3 con Diulio Davino, director deportivo de selecciones nacionales, que los nombramientos de Aguirre y M\u00e1rquez entrar\u00e1n en vigencia el 1 de agosto, cuando ambas figuras ser\u00e1n presentadas oficialmente.<\/p>\n<p>Aguirre dimiti\u00f3 previamente como estratega del Mallorca, de Espa\u00f1a, mientras que M\u00e1rquez, de 45 a\u00f1os, anunci\u00f3 su salida del Barcelona Athletic, de la serie B del balompi\u00e9 ib\u00e9rico.<\/p>\n<p>La FMF eligi\u00f3 a Aguirre como reemplazante de Jaime \u00abJimmy\u00bb Lozano, despedido tras el fracaso de la selecci\u00f3n mexicana en la Copa Am\u00e9rica 2024, disputada en Estados Unidos y de la que el combinado azteca se despidi\u00f3 en fase de grupos.<\/p>\n<p>El \u00abVasco\u00bb protagoniz\u00f3 su primera aventura con la selecci\u00f3n en julio de 2001, cuando relev\u00f3 a Enrique Meza y llev\u00f3 al combinado azteca al segundo puesto la Copa Am\u00e9rica de ese a\u00f1o.<\/p>\n<p>El segundo ciclo inici\u00f3 en abril de 2009, cuando reemplaz\u00f3 al sueco Sven-Goran Eriksson, para luego coronar al \u00abtricolor\u00bb como campe\u00f3n de la Copa Oro 2009 y hacerla llegar a los octavos de final del Mundial Sud\u00e1frica 2010.<\/p>\n","protected":false},"excerpt":{"rendered":"<p>M\u00e9xico DF.- El t\u00e9cnico Javier \u00abEl Vasco\u00bb Aguirre, ha sido presentado como nuevo DT de la selecci\u00f3n mexicana de f\u00fatbol, qui\u00e9n tendr\u00e1 como asistente t\u00e9cnico al ex defensor Rafael M\u00e1rquez. Lo anunci\u00f3 la Federaci\u00f3n Mexicana de F\u00fatbol (FMF), cuyo presidente Ivar Sisniega, indic\u00f3 con Diulio Davino, director deportivo de selecciones nacionales, que los nombramientos de [&hellip;]<\/p>\n","protected":false},"author":2,"featured_media":16804,"comment_status":"open","ping_status":"closed","sticky":false,"template":"","format":"standard","meta":{"_jetpack_memberships_contains_paid_content":false,"footnotes":""},"categories":[7],"tags":[2688],"class_list":["post-16795","post","type-post","status-publish","format-standard","has-post-thumbnail","hentry","category-futbol-internacional","tag-javier-el-vasco-aguirre"],"jetpack_featured_media_url":"https:\/\/radiocresatelital.com\/wp-content\/uploads\/2024\/07\/el-entrenador-del-real-mallorca-javier-aguirre.webp","jetpack_sharing_enabled":true,"_links":{"self":[{"href":"https:\/\/radiocresatelital.com\/index.php?rest_route=\/wp\/v2\/posts\/16795","targetHints":{"allow":["GET"]}}],"collection":[{"href":"https:\/\/radiocresatelital.com\/index.php?rest_route=\/wp\/v2\/posts"}],"about":[{"href":"https:\/\/radiocresatelital.com\/index.php?rest_route=\/wp\/v2\/types\/post"}],"author":[{"embeddable":true,"href":"https:\/\/radiocresatelital.com\/index.php?rest_route=\/wp\/v2\/users\/2"}],"replies":[{"embeddable":true,"href":"https:\/\/radiocresatelital.com\/index.php?rest_route=%2Fwp%2Fv2%2Fcomments&post=16795"}],"version-history":[{"count":1,"href":"https:\/\/radiocresatelital.com\/index.php?rest_route=\/wp\/v2\/posts\/16795\/revisions"}],"predecessor-version":[{"id":16796,"href":"https:\/\/radiocresatelital.com\/index.php?rest_route=\/wp\/v2\/posts\/16795\/revisions\/16796"}],"wp:featuredmedia":[{"embeddable":true,"href":"https:\/\/radiocresatelital.com\/index.php?rest_route=\/wp\/v2\/media\/16804"}],"wp:attachment":[{"href":"https:\/\/radiocresatelital.com\/index.php?rest_route=%2Fwp%2Fv2%2Fmedia&parent=16795"}],"wp:term":[{"taxonomy":"category","embeddable":true,"href":"https:\/\/radiocresatelital.com\/index.php?rest_route=%2Fwp%2Fv2%2Fcategories&post=16795"},{"taxonomy":"post_tag","embeddable":true,"href":"https:\/\/radiocresatelital.com\/index.php?rest_route=%2Fwp%2Fv2%2Ftags&post=16795"}],"curies":[{"name":"wp","href":"https:\/\/api.w.org\/{rel}","templated":true}]}}