{"id":16730,"date":"2024-07-20T18:47:32","date_gmt":"2024-07-20T18:47:32","guid":{"rendered":"https:\/\/radiocresatelital.com\/?p=16730"},"modified":"2024-07-20T18:47:32","modified_gmt":"2024-07-20T18:47:32","slug":"no-se-cuando-dejare-de-entrenar-cuando-real-madrid-me-comunique-que-ya-no-cuenta-conmigo-decidire-que-hacer-carlo-ancelotti","status":"publish","type":"post","link":"https:\/\/radiocresatelital.com\/?p=16730","title":{"rendered":"No s\u00e9 cu\u00e1ndo dejar\u00e9 de entrenar.\u00a0Cuando Real Madrid me comunique que ya no cuenta conmigo, decidir\u00e9 qu\u00e9 hacer, Carlo Ancelotti"},"content":{"rendered":"<p>Madrid.- El t\u00e9cnico italiano, Carlo Ancelotti, quien ha conquistado en Campeonato de la Liga Espa\u00f1ola y de la Champions League con Real Madrid en la pasada temporada, ha indicado que ir a dirigir una selecci\u00f3n nacional no lo seduce, explicando en parte el por qu\u00e9 de su rechazo a conducir a la de Brasil en su momento.<\/p>\n<p>\u00abNo s\u00e9 cu\u00e1ndo dejar\u00e9 de entrenar.\u00a0Cuando Real Madrid me comunique que ya no cuenta conmigo, decidir\u00e9 qu\u00e9 hacer\u00bb, explic\u00f3 Ancelotti, \u00fanico t\u00e9cnico de la historia que conquist\u00f3 las cinco principales Ligas de Europa y sum\u00f3 tres Champions con el \u00abmerengue\u00bb tras las dos que conquist\u00f3 con Milan.<\/p>\n<p>Campe\u00f3n de la Liga con Real Madrid, de la Serie A con Milan, de la Premier League con Chelsea, Ligue 1 con Par\u00eds Saint-Germain y de la Bundesliga con Bayern Munich, Ancelotti presiente que quiz\u00e1s su fin de ciclo no est\u00e9 tan lejos.<\/p>\n<p>\u00ab\u00bfParar? No lo s\u00e9. Una parte de m\u00ed quisiera pasar m\u00e1s tiempo con mi familia y viajar y la otra todav\u00eda mantiene el entusiasmo y me empuja a seguir\u00bb, confes\u00f3 al aludir a esa posibilidad de dirigir alg\u00fan d\u00eda una selecci\u00f3n nacional, como todos supon\u00edan tiempo atr\u00e1s suceder\u00eda con la \u00abcanarinha\u00bb.<\/p>\n<p>\u00abSinceramente, soy reacio a hacerlo porque prefiero el trabajo que se hace en un club. Me gusta tener tiempo para ajustar detalles, para que el grupo crezca d\u00eda a d\u00eda y eso en una selecci\u00f3n es muy dif\u00edcil de lograr\u00bb, explic\u00f3 \u00abCarletto\u00bb.<\/p>\n<p>Al ser consultado sobre cu\u00e1les son los clubes a los que se siente m\u00e1s ligado, el experimentado entrenador no dud\u00f3 en responder: \u00abMilan y Real Madrid\u00bb y aclar\u00f3 que es as\u00ed porque \u00abson los dos en los cuales estuve m\u00e1s tiempos y los sent\u00ed como mi propia casa. El Madrid, por ejemplo, es como mi familia\u00bb.<\/p>\n<p>Consultado sobre la reciente Eurocopa conquistada por Espa\u00f1a en suelo alem\u00e1n, Ancelotti dijo que \u00abfue poco intensa con muchas selecciones que llegaron con el cansancio acumulado de los campeonatos apenas finalizados\u00bb.<\/p>\n<p>\u00abPor esa raz\u00f3n -dijo- Austria y Suiza llegaron m\u00e1s lejos que algunas de las que se esperaba algo m\u00e1s, aunque Espa\u00f1a fue un justo campe\u00f3n. Fue la selecci\u00f3n que mejor juego en equipo expres\u00f3 en el torneo y supo aprovechar el talento de los j\u00f3venes y la experiencia de los m\u00e1s veteranos\u00bb, resumi\u00f3.<\/p>\n<p>Dos de sus dirigidos en Real Madrid disputaron la Eurocopa, uno de ellos el ingl\u00e9s Jude Bellingham, protagonista de una nueva frustraci\u00f3n tras la segunda final consecutiva perdida con Inglaterra (que hab\u00eda ca\u00eddo por penales frente a Italia en la de 2021).<\/p>\n<p>\u00abTiene apenas 21 a\u00f1os y demostr\u00f3 car\u00e1cter y personalidad, adem\u00e1s de talento. Es un gran campe\u00f3n\u00bb, dijo del delantero, que tendr\u00e1 como compa\u00f1ero en esta temporada al astro franc\u00e9s Kylian Mbapp\u00e9, apenas arribado a la \u00abCasa Blanca\u00bb.<\/p>\n<p>El capit\u00e1n de una Francia que se despidi\u00f3 en semifinales frente a Espa\u00f1a y que sufri\u00f3 la fractura del tabique nasal en el estreno ante Austria, fue noticia en la Eurocopa por la convocatoria a sus compatriotas para que concurrieran a las urnas en la segunda ronda de las elecciones legislativas que impidieron el avance de la derecha.<\/p>\n<p>\u00abCada cual tiene su manera de pensar y tiene derecho expresarlo. No me parece un hecho negativo que \u00e9l lo haya hecho\u00bb, dijo al respecto Ancelotti.<\/p>\n","protected":false},"excerpt":{"rendered":"<p>Madrid.- El t\u00e9cnico italiano, Carlo Ancelotti, quien ha conquistado en Campeonato de la Liga Espa\u00f1ola y de la Champions League con Real Madrid en la pasada temporada, ha indicado que ir a dirigir una selecci\u00f3n nacional no lo seduce, explicando en parte el por qu\u00e9 de su rechazo a conducir a la de Brasil en [&hellip;]<\/p>\n","protected":false},"author":2,"featured_media":16731,"comment_status":"open","ping_status":"closed","sticky":false,"template":"","format":"standard","meta":{"_jetpack_memberships_contains_paid_content":false,"footnotes":""},"categories":[7],"tags":[215],"class_list":["post-16730","post","type-post","status-publish","format-standard","has-post-thumbnail","hentry","category-futbol-internacional","tag-carlo-ancelotti"],"jetpack_featured_media_url":"https:\/\/radiocresatelital.com\/wp-content\/uploads\/2024\/07\/carlo-ancelotti.webp","jetpack_sharing_enabled":true,"_links":{"self":[{"href":"https:\/\/radiocresatelital.com\/index.php?rest_route=\/wp\/v2\/posts\/16730","targetHints":{"allow":["GET"]}}],"collection":[{"href":"https:\/\/radiocresatelital.com\/index.php?rest_route=\/wp\/v2\/posts"}],"about":[{"href":"https:\/\/radiocresatelital.com\/index.php?rest_route=\/wp\/v2\/types\/post"}],"author":[{"embeddable":true,"href":"https:\/\/radiocresatelital.com\/index.php?rest_route=\/wp\/v2\/users\/2"}],"replies":[{"embeddable":true,"href":"https:\/\/radiocresatelital.com\/index.php?rest_route=%2Fwp%2Fv2%2Fcomments&post=16730"}],"version-history":[{"count":1,"href":"https:\/\/radiocresatelital.com\/index.php?rest_route=\/wp\/v2\/posts\/16730\/revisions"}],"predecessor-version":[{"id":16732,"href":"https:\/\/radiocresatelital.com\/index.php?rest_route=\/wp\/v2\/posts\/16730\/revisions\/16732"}],"wp:featuredmedia":[{"embeddable":true,"href":"https:\/\/radiocresatelital.com\/index.php?rest_route=\/wp\/v2\/media\/16731"}],"wp:attachment":[{"href":"https:\/\/radiocresatelital.com\/index.php?rest_route=%2Fwp%2Fv2%2Fmedia&parent=16730"}],"wp:term":[{"taxonomy":"category","embeddable":true,"href":"https:\/\/radiocresatelital.com\/index.php?rest_route=%2Fwp%2Fv2%2Fcategories&post=16730"},{"taxonomy":"post_tag","embeddable":true,"href":"https:\/\/radiocresatelital.com\/index.php?rest_route=%2Fwp%2Fv2%2Ftags&post=16730"}],"curies":[{"name":"wp","href":"https:\/\/api.w.org\/{rel}","templated":true}]}}