{"id":16717,"date":"2024-07-20T18:24:14","date_gmt":"2024-07-20T18:24:14","guid":{"rendered":"https:\/\/radiocresatelital.com\/?p=16717"},"modified":"2024-07-20T18:24:14","modified_gmt":"2024-07-20T18:24:14","slug":"fbf-nombra-a-oscar-villegas-como-nuevo-tecnico-de-la-seleccion-boliviana-de-futbol","status":"publish","type":"post","link":"https:\/\/radiocresatelital.com\/?p=16717","title":{"rendered":"FBF nombra a Oscar Villegas como nuevo t\u00e9cnico de la selecci\u00f3n Boliviana de F\u00fatbol"},"content":{"rendered":"<p>La Paz.- El t\u00e9cnico Oscar Villegas ha sido anunciado por la Federaci\u00f3n Boliviana de F\u00fatbol (FBF) como nuevo entrenador de la selecci\u00f3n de f\u00fatbol en reemplazo del brasile\u00f1o Antonio Carlos Zago, inform\u00f3 el \u00f3rgano rector del f\u00fatbol de ese pa\u00eds.<\/p>\n<p>Zago fue despedido el jueves despu\u00e9s de menos de un a\u00f1o de gesti\u00f3n y como consecuencia de la p\u00e1lida actuaci\u00f3n de Bolivia en la Copa Am\u00e9rica de Estados Unidos, de la que se despidi\u00f3 en la fase de grupos con tres derrotas (ante Estados Unidos, Uruguay y Panam\u00e1), con apenas un gol convertido y 10 recibidos.<\/p>\n<p>Villegas, de 54 a\u00f1os y quien dirigi\u00f3 a Bol\u00edvar y a Always Ready de su pa\u00eds, iniciar\u00e1 su gesti\u00f3n en los pr\u00f3ximos duelos por las eliminatorias al Mundial 2026 que Bolivia jugar\u00e1 frente a Venezuela y Chile, el 5 y el 10 de septiembre en La Paz y en Santiago, respectivamente.<\/p>\n<p>Bolivia marcha pen\u00faltima con tres unidades en seis fechas en la tabla que encabeza con 15 puntos Argentina, flamante bicampeona de la Copa Am\u00e9rica, y en la que s\u00f3lo est\u00e1 por delante de Per\u00fa, que cosech\u00f3 apenas dos puntos.<\/p>\n","protected":false},"excerpt":{"rendered":"<p>La Paz.- El t\u00e9cnico Oscar Villegas ha sido anunciado por la Federaci\u00f3n Boliviana de F\u00fatbol (FBF) como nuevo entrenador de la selecci\u00f3n de f\u00fatbol en reemplazo del brasile\u00f1o Antonio Carlos Zago, inform\u00f3 el \u00f3rgano rector del f\u00fatbol de ese pa\u00eds. Zago fue despedido el jueves despu\u00e9s de menos de un a\u00f1o de gesti\u00f3n y como [&hellip;]<\/p>\n","protected":false},"author":2,"featured_media":16718,"comment_status":"open","ping_status":"closed","sticky":false,"template":"","format":"standard","meta":{"_jetpack_memberships_contains_paid_content":false,"footnotes":""},"categories":[7],"tags":[2672,2671],"class_list":["post-16717","post","type-post","status-publish","format-standard","has-post-thumbnail","hentry","category-futbol-internacional","tag-federacion-boliviana-de-futbol","tag-oscar-villegas"],"jetpack_featured_media_url":"https:\/\/radiocresatelital.com\/wp-content\/uploads\/2024\/07\/VillegasOtraVez20724.jpg","jetpack_sharing_enabled":true,"_links":{"self":[{"href":"https:\/\/radiocresatelital.com\/index.php?rest_route=\/wp\/v2\/posts\/16717","targetHints":{"allow":["GET"]}}],"collection":[{"href":"https:\/\/radiocresatelital.com\/index.php?rest_route=\/wp\/v2\/posts"}],"about":[{"href":"https:\/\/radiocresatelital.com\/index.php?rest_route=\/wp\/v2\/types\/post"}],"author":[{"embeddable":true,"href":"https:\/\/radiocresatelital.com\/index.php?rest_route=\/wp\/v2\/users\/2"}],"replies":[{"embeddable":true,"href":"https:\/\/radiocresatelital.com\/index.php?rest_route=%2Fwp%2Fv2%2Fcomments&post=16717"}],"version-history":[{"count":1,"href":"https:\/\/radiocresatelital.com\/index.php?rest_route=\/wp\/v2\/posts\/16717\/revisions"}],"predecessor-version":[{"id":16719,"href":"https:\/\/radiocresatelital.com\/index.php?rest_route=\/wp\/v2\/posts\/16717\/revisions\/16719"}],"wp:featuredmedia":[{"embeddable":true,"href":"https:\/\/radiocresatelital.com\/index.php?rest_route=\/wp\/v2\/media\/16718"}],"wp:attachment":[{"href":"https:\/\/radiocresatelital.com\/index.php?rest_route=%2Fwp%2Fv2%2Fmedia&parent=16717"}],"wp:term":[{"taxonomy":"category","embeddable":true,"href":"https:\/\/radiocresatelital.com\/index.php?rest_route=%2Fwp%2Fv2%2Fcategories&post=16717"},{"taxonomy":"post_tag","embeddable":true,"href":"https:\/\/radiocresatelital.com\/index.php?rest_route=%2Fwp%2Fv2%2Ftags&post=16717"}],"curies":[{"name":"wp","href":"https:\/\/api.w.org\/{rel}","templated":true}]}}