{"id":16714,"date":"2024-07-20T18:18:01","date_gmt":"2024-07-20T18:18:01","guid":{"rendered":"https:\/\/radiocresatelital.com\/?p=16714"},"modified":"2024-07-20T18:18:01","modified_gmt":"2024-07-20T18:18:01","slug":"penultima-jornada-del-itf-masters-en-salinas-tuvo-sus-finalistas","status":"publish","type":"post","link":"https:\/\/radiocresatelital.com\/?p=16714","title":{"rendered":"Pen\u00faltima jornada del ITF Masters en Salinas tuvo sus finalistas"},"content":{"rendered":"<p>Salinas.- En la pen\u00faltima fecha del IX ITF Masters Mt700 Salinas 2024 Copa American Express Banco Guayaquil, que concluye este s\u00e1bado 20 de julio en el Salinas Golf &amp; Tenis Club se definieron varios campeones y vicecampeones.<\/p>\n<p>Alberto Gonz\u00e1lez venci\u00f3 en la final de 50 a\u00f1os varones a Juan Pablo Sicco por 6-3, 6-0. En 35 a\u00f1os mixtos, Silvia Ramos y Juan Pablo Sicco se proclamaron campeones tras el retiro por lesi\u00f3n de Ver\u00f3nica Hanna, que hac\u00eda dupla con Jorge Montoya, cuando el partido iba 3-2.<\/p>\n<p>En 45 a\u00f1os dobles varones, los ecuatorianos Felipe Alarc\u00f3n y Gonzalo Vera derrotaron al chileno Juan Jos\u00e9 Garc\u00eda y el ecuatoriano Juan Pablo Sicco por 6-1, 6-3.<\/p>\n<p>En duelo de chilenos en 60 a\u00f1os varones, Claudio Traverso venci\u00f3 6-1 y 6-4 a Wilfred Leigh.<\/p>\n<p>La final de 65 a\u00f1os dobles varones, la ganaron el chileno Marco Perretta y el peruano Eduardo Vargas sobre los chilenos Julio Aravena y Patricio Rabba por 6-3, 6-7(6), (10-7).<\/p>\n<p>Tambi\u00e9n hubo campeones en otras categor\u00edas tras definirse los \u00faltimos juegos del sistema round robin. En 40 a\u00f1os varones, el campe\u00f3n fue el ecuatoriano Jorge Montoya y el vicecampe\u00f3n el chileno Juan Carlos Echazarreta.<\/p>\n<p>En 45 a\u00f1os varones, primero fue el chileno Hugo Toro y segundo el peruano Juan Carlos Liendo. En 60 a\u00f1os damas, la argentina Graciela Donoso, seguida de la peruana Elizabeth Mercado.<\/p>\n<p>En 70 a\u00f1os varones, el campe\u00f3n fue el peruano Eduardo Vargas y vicecampe\u00f3n el ecuatoriano Galo Moncayo. En 40 a\u00f1os damas dobles, Ver\u00f3nica Hanna y Silvia Ramos fueron las campeonas; y, Alexandra Herrera y Olga Ramos, vicecampeonas.<\/p>\n<p>En 55 a\u00f1os mixtos, el chileno Patricio Rabba y la argentina Graciela Donoso se alzaron con el t\u00edtulo de la categor\u00eda, y en segundo lugar se ubicaron el ecuatoriano H\u00e9ctor G\u00f3mez y la peruana Elizabeth Mercado.<\/p>\n<p>En 30 a\u00f1os varones dobles, el t\u00edtulo se lo llevaron Enrique Ord\u00f3\u00f1ez y Salvador Pati\u00f1o, escoltados por Andr\u00e9s Aguilar y Jorge Montoya.<\/p>\n<p>Este domingo se definir\u00e1n los campeones y vicecampeones en seis categor\u00edas.<\/p>\n","protected":false},"excerpt":{"rendered":"<p>Salinas.- En la pen\u00faltima fecha del IX ITF Masters Mt700 Salinas 2024 Copa American Express Banco Guayaquil, que concluye este s\u00e1bado 20 de julio en el Salinas Golf &amp; Tenis Club se definieron varios campeones y vicecampeones. Alberto Gonz\u00e1lez venci\u00f3 en la final de 50 a\u00f1os varones a Juan Pablo Sicco por 6-3, 6-0. En [&hellip;]<\/p>\n","protected":false},"author":2,"featured_media":16715,"comment_status":"open","ping_status":"closed","sticky":false,"template":"","format":"standard","meta":{"_jetpack_memberships_contains_paid_content":false,"footnotes":""},"categories":[9,64],"tags":[2670],"class_list":["post-16714","post","type-post","status-publish","format-standard","has-post-thumbnail","hentry","category-deportes","category-tenis","tag-ix-itf-masters-mt700"],"jetpack_featured_media_url":"https:\/\/radiocresatelital.com\/wp-content\/uploads\/2024\/07\/WhatsApp-Image-2024-07-20-at-13.16.11.jpeg","jetpack_sharing_enabled":true,"_links":{"self":[{"href":"https:\/\/radiocresatelital.com\/index.php?rest_route=\/wp\/v2\/posts\/16714","targetHints":{"allow":["GET"]}}],"collection":[{"href":"https:\/\/radiocresatelital.com\/index.php?rest_route=\/wp\/v2\/posts"}],"about":[{"href":"https:\/\/radiocresatelital.com\/index.php?rest_route=\/wp\/v2\/types\/post"}],"author":[{"embeddable":true,"href":"https:\/\/radiocresatelital.com\/index.php?rest_route=\/wp\/v2\/users\/2"}],"replies":[{"embeddable":true,"href":"https:\/\/radiocresatelital.com\/index.php?rest_route=%2Fwp%2Fv2%2Fcomments&post=16714"}],"version-history":[{"count":1,"href":"https:\/\/radiocresatelital.com\/index.php?rest_route=\/wp\/v2\/posts\/16714\/revisions"}],"predecessor-version":[{"id":16716,"href":"https:\/\/radiocresatelital.com\/index.php?rest_route=\/wp\/v2\/posts\/16714\/revisions\/16716"}],"wp:featuredmedia":[{"embeddable":true,"href":"https:\/\/radiocresatelital.com\/index.php?rest_route=\/wp\/v2\/media\/16715"}],"wp:attachment":[{"href":"https:\/\/radiocresatelital.com\/index.php?rest_route=%2Fwp%2Fv2%2Fmedia&parent=16714"}],"wp:term":[{"taxonomy":"category","embeddable":true,"href":"https:\/\/radiocresatelital.com\/index.php?rest_route=%2Fwp%2Fv2%2Fcategories&post=16714"},{"taxonomy":"post_tag","embeddable":true,"href":"https:\/\/radiocresatelital.com\/index.php?rest_route=%2Fwp%2Fv2%2Ftags&post=16714"}],"curies":[{"name":"wp","href":"https:\/\/api.w.org\/{rel}","templated":true}]}}