{"id":16698,"date":"2024-07-19T21:34:06","date_gmt":"2024-07-19T21:34:06","guid":{"rendered":"https:\/\/radiocresatelital.com\/?p=16698"},"modified":"2024-07-19T21:34:06","modified_gmt":"2024-07-19T21:34:06","slug":"convenio-permitira-implementar-la-emision-de-licencia-digital-iso-en-espana","status":"publish","type":"post","link":"https:\/\/radiocresatelital.com\/?p=16698","title":{"rendered":"Convenio permitir\u00e1 implementar la emisi\u00f3n de licencia digital ISO en Espa\u00f1a"},"content":{"rendered":"<p>Quito.- El subdirector ejecutivo de la Agencia Nacional de Tr\u00e1nsito (ANT), Geovanny Pont\u00f3n, asisti\u00f3 a la firma del convenio entre el Ministerio de Telecomunicaciones y de la Sociedad de la Informaci\u00f3n (MINTEL) y la empresa Get Group Latam, para implementar el plan piloto de la Licencia de Conducir Digital ISO en Espa\u00f1a, con el fin de que los ecuatorianos residentes en ese pa\u00eds puedan acceder a este servicio. El evento fue solemnizado con la presencia de la Canciller de la Rep\u00fablica del Ecuador, Gabriela Sommerfeld, como testigo de honor.<\/p>\n<p>Este avance constituye un hito para la transformaci\u00f3n digital en el pa\u00eds ya que mejorar\u00e1 la seguridad y eficiencia en la gesti\u00f3n p\u00fablica, facilitar\u00e1 la movilidad internacional y reforzar\u00e1 la confianza en nuestros servicios. Varios pa\u00edses que adoptaron el est\u00e1ndar ISO, incluida la Uni\u00f3n Europea, reconocer\u00e1n nuestras licencias digitales.<\/p>\n<p>Frente a este importante acontecimiento, la canciller Sommerfeld, resalt\u00f3 la gesti\u00f3n de la ANT, por los avances alcanzados en la planificaci\u00f3n y pr\u00f3xima puesta en marcha del primer Plan Piloto de Renovaci\u00f3n de licencias de conducir en l\u00ednea, dirigido a los ciudadanos ecuatorianos residentes en Espa\u00f1a; a\u00f1adi\u00f3, que los consulados servir\u00e1n como centros de impresi\u00f3n de las nuevas licencias renovadas en l\u00ednea. \u201cLos ciudadanos no solo obtendr\u00e1n su licencia f\u00edsica en nuestras oficinas, sino tambi\u00e9n un documento digital compatible con el estandarizado, de manera inmediata\u201d, recalc\u00f3.<\/p>\n<p>Por su parte el ministro de Telecomunicaciones, C\u00e9sar Mart\u00edn, se\u00f1al\u00f3 que la licencia digital cumple con los est\u00e1ndares internacionales establecidos por la Organizaci\u00f3n Internacional de Normalizaci\u00f3n (ISO), a\u00a0 fin de impulsar cada d\u00eda m\u00e1s la transformaci\u00f3n digital que es una prioridad de este gobierno.<\/p>\n<p>Dijo que, con este est\u00e1ndar internacional los ciudadanos podr\u00e1n utilizar la aplicaci\u00f3n gob.ec y utilizando los sistemas operativos IOS y ANDROID podr\u00e1n obtener la licencia digital de manera segura, convirti\u00e9ndose en una oportunidad valiosa para avanzar hacia un Ecuador m\u00e1s moderno, eficiente, transparente y competitivo, fortaleciendo as\u00ed la calidad, la seguridad y la interoperabilidad de los servicios digitales del Estado.<\/p>\n<p>La coordinaci\u00f3n interinstitucional es clave para superar los desaf\u00edos y garantizar una base de datos actualizada, con el objetivo de que la licencia de conducir digital se convierta en un documento seguro, confiable, aceptado internacionalmente y as\u00ed demostrar el compromiso con la excelencia en el servicio que brindamos a la ciudadan\u00eda.<\/p>\n","protected":false},"excerpt":{"rendered":"<p>Quito.- El subdirector ejecutivo de la Agencia Nacional de Tr\u00e1nsito (ANT), Geovanny Pont\u00f3n, asisti\u00f3 a la firma del convenio entre el Ministerio de Telecomunicaciones y de la Sociedad de la Informaci\u00f3n (MINTEL) y la empresa Get Group Latam, para implementar el plan piloto de la Licencia de Conducir Digital ISO en Espa\u00f1a, con el fin [&hellip;]<\/p>\n","protected":false},"author":2,"featured_media":16699,"comment_status":"open","ping_status":"closed","sticky":false,"template":"","format":"standard","meta":{"_jetpack_memberships_contains_paid_content":false,"footnotes":""},"categories":[13],"tags":[1160],"class_list":["post-16698","post","type-post","status-publish","format-standard","has-post-thumbnail","hentry","category-noticias-nacionales","tag-agencia-nacional-de-transito"],"jetpack_featured_media_url":"https:\/\/radiocresatelital.com\/wp-content\/uploads\/2024\/07\/WhatsApp-Image-2024-07-19-at-16.32.45.jpeg","jetpack_sharing_enabled":true,"_links":{"self":[{"href":"https:\/\/radiocresatelital.com\/index.php?rest_route=\/wp\/v2\/posts\/16698","targetHints":{"allow":["GET"]}}],"collection":[{"href":"https:\/\/radiocresatelital.com\/index.php?rest_route=\/wp\/v2\/posts"}],"about":[{"href":"https:\/\/radiocresatelital.com\/index.php?rest_route=\/wp\/v2\/types\/post"}],"author":[{"embeddable":true,"href":"https:\/\/radiocresatelital.com\/index.php?rest_route=\/wp\/v2\/users\/2"}],"replies":[{"embeddable":true,"href":"https:\/\/radiocresatelital.com\/index.php?rest_route=%2Fwp%2Fv2%2Fcomments&post=16698"}],"version-history":[{"count":1,"href":"https:\/\/radiocresatelital.com\/index.php?rest_route=\/wp\/v2\/posts\/16698\/revisions"}],"predecessor-version":[{"id":16700,"href":"https:\/\/radiocresatelital.com\/index.php?rest_route=\/wp\/v2\/posts\/16698\/revisions\/16700"}],"wp:featuredmedia":[{"embeddable":true,"href":"https:\/\/radiocresatelital.com\/index.php?rest_route=\/wp\/v2\/media\/16699"}],"wp:attachment":[{"href":"https:\/\/radiocresatelital.com\/index.php?rest_route=%2Fwp%2Fv2%2Fmedia&parent=16698"}],"wp:term":[{"taxonomy":"category","embeddable":true,"href":"https:\/\/radiocresatelital.com\/index.php?rest_route=%2Fwp%2Fv2%2Fcategories&post=16698"},{"taxonomy":"post_tag","embeddable":true,"href":"https:\/\/radiocresatelital.com\/index.php?rest_route=%2Fwp%2Fv2%2Ftags&post=16698"}],"curies":[{"name":"wp","href":"https:\/\/api.w.org\/{rel}","templated":true}]}}