{"id":16683,"date":"2024-07-19T20:34:42","date_gmt":"2024-07-19T20:34:42","guid":{"rendered":"https:\/\/radiocresatelital.com\/?p=16683"},"modified":"2024-07-19T20:34:42","modified_gmt":"2024-07-19T20:34:42","slug":"richard-carapaz-lider-de-la-montana-en-el-tour-de-francia","status":"publish","type":"post","link":"https:\/\/radiocresatelital.com\/?p=16683","title":{"rendered":"Richard Carapaz l\u00edder de la monta\u00f1a en el Tour de Francia"},"content":{"rendered":"<p>Par\u00eds.- El ciclista esloveno Tadej Pogacar ha conquistado la decimonovena y antepen\u00faltima etapa del Tour de Francia e \u00abhipotec\u00f3\u00bb virtualmente su tercera victoria en la tradicional competencia cicl\u00edstica.<\/p>\n<p>En una etapa en la que Pogacar (decimoquinta para \u00e9l en un Tour de Francia) volvi\u00f3 a dar otra demostraci\u00f3n de fuerza, tambi\u00e9n se destac\u00f3 el ecuatoriano Richard Carapaz (EF Education-EasyPost), quien hace dos jornadas celebr\u00f3 su primera victoria en una etapa del Tour y hoy termin\u00f3 cuarto a un minuto y 11 segundos del ganador.<\/p>\n<p>El representante del UAE Emirates Team complet\u00f3 en cuatro horas, cuatro minutos y tres segundos los 144,6 kil\u00f3metros de recorrido del tramo de monta\u00f1a que uni\u00f3 Embrun con Isola 2000 y extendi\u00f3 su ventaja en la cima de la clasificaci\u00f3n general.<\/p>\n<p>El ganador del Tour en 2020 y 2021 celebr\u00f3 su cuarta victoria en una etapa de esta edici\u00f3n y volvi\u00f3 a calzarse la casaca amarilla de l\u00edder en una fracci\u00f3n en la que logr\u00f3 remontar los dos minutos de desventaja que ten\u00eda respecto del estadounidense Matteo Jorgenson, que termin\u00f3 rindi\u00e9ndose.<\/p>\n<p>Pogacar termin\u00f3 superando en los \u00faltimos kil\u00f3metros de la \u00abetapa reina\u00bb al integrante del equipo Visma-Lease, quien cerr\u00f3 finalmente a 21 segundos de distancia del vencedor en un podio que complet\u00f3 el brit\u00e1nico Simon Yates (Jayco-Alula), quien se ubic\u00f3 a 40 segundos del esloveno.<\/p>\n<p>Tras refrendar su chapa de candidato, Pogacar extendi\u00f3 los brazos simulando un arco y cuatro dedos de una de sus manos para festejar esta cuarta victoria en una etapa del Tour en el que ma\u00f1ana afrontar\u00e1 la \u00faltima de monta\u00f1a entre Niza y Col de la Couillole, sobre 132,8 kil\u00f3metros.<\/p>\n<p>Al vencedor este a\u00f1o en el Giro de Italia le quedar\u00e1n luego por delante los \u00faltimos 33,7 kil\u00f3metros de recorrido entre M\u00f3naco y Niza, en la prueba contrarreloj que cerrar\u00e1 la competencia que en las pasadas dos ediciones lo vieron cerrar a espaldas del dan\u00e9s Jonas Vingegaard (Visma-Lease).<\/p>\n<p>En esta es el esloveno el que manda a dos jornadas del final tras haber extendido su ventaja en la general a cinco minutos y tres segundos sobre el dan\u00e9s, que hoy cerr\u00f3 un minuto y 42 segundos por detr\u00e1s de Pogacar al igual que el belga Remco Evenepoel (Soudal Quick-Step), tercero en la prueba a siete minutos y un segundo de la cima.<\/p>\n","protected":false},"excerpt":{"rendered":"<p>Par\u00eds.- El ciclista esloveno Tadej Pogacar ha conquistado la decimonovena y antepen\u00faltima etapa del Tour de Francia e \u00abhipotec\u00f3\u00bb virtualmente su tercera victoria en la tradicional competencia cicl\u00edstica. En una etapa en la que Pogacar (decimoquinta para \u00e9l en un Tour de Francia) volvi\u00f3 a dar otra demostraci\u00f3n de fuerza, tambi\u00e9n se destac\u00f3 el ecuatoriano [&hellip;]<\/p>\n","protected":false},"author":2,"featured_media":16684,"comment_status":"open","ping_status":"closed","sticky":false,"template":"","format":"standard","meta":{"_jetpack_memberships_contains_paid_content":false,"footnotes":""},"categories":[120,9],"tags":[128],"class_list":["post-16683","post","type-post","status-publish","format-standard","has-post-thumbnail","hentry","category-ciclismo","category-deportes","tag-tour-de-francia"],"jetpack_featured_media_url":"https:\/\/radiocresatelital.com\/wp-content\/uploads\/2024\/07\/WhatsApp-Image-2024-07-19-at-11.26.44.jpeg","jetpack_sharing_enabled":true,"_links":{"self":[{"href":"https:\/\/radiocresatelital.com\/index.php?rest_route=\/wp\/v2\/posts\/16683","targetHints":{"allow":["GET"]}}],"collection":[{"href":"https:\/\/radiocresatelital.com\/index.php?rest_route=\/wp\/v2\/posts"}],"about":[{"href":"https:\/\/radiocresatelital.com\/index.php?rest_route=\/wp\/v2\/types\/post"}],"author":[{"embeddable":true,"href":"https:\/\/radiocresatelital.com\/index.php?rest_route=\/wp\/v2\/users\/2"}],"replies":[{"embeddable":true,"href":"https:\/\/radiocresatelital.com\/index.php?rest_route=%2Fwp%2Fv2%2Fcomments&post=16683"}],"version-history":[{"count":1,"href":"https:\/\/radiocresatelital.com\/index.php?rest_route=\/wp\/v2\/posts\/16683\/revisions"}],"predecessor-version":[{"id":16685,"href":"https:\/\/radiocresatelital.com\/index.php?rest_route=\/wp\/v2\/posts\/16683\/revisions\/16685"}],"wp:featuredmedia":[{"embeddable":true,"href":"https:\/\/radiocresatelital.com\/index.php?rest_route=\/wp\/v2\/media\/16684"}],"wp:attachment":[{"href":"https:\/\/radiocresatelital.com\/index.php?rest_route=%2Fwp%2Fv2%2Fmedia&parent=16683"}],"wp:term":[{"taxonomy":"category","embeddable":true,"href":"https:\/\/radiocresatelital.com\/index.php?rest_route=%2Fwp%2Fv2%2Fcategories&post=16683"},{"taxonomy":"post_tag","embeddable":true,"href":"https:\/\/radiocresatelital.com\/index.php?rest_route=%2Fwp%2Fv2%2Ftags&post=16683"}],"curies":[{"name":"wp","href":"https:\/\/api.w.org\/{rel}","templated":true}]}}