{"id":16617,"date":"2024-07-18T20:22:02","date_gmt":"2024-07-18T20:22:02","guid":{"rendered":"https:\/\/radiocresatelital.com\/?p=16617"},"modified":"2024-07-18T20:22:02","modified_gmt":"2024-07-18T20:22:02","slug":"argentina-sigue-liderando-el-ranking-fifa-ecuador-esta-en-el-puesto-27","status":"publish","type":"post","link":"https:\/\/radiocresatelital.com\/?p=16617","title":{"rendered":"Argentina sigue liderando el ranking FIFA, Ecuador est\u00e1 en el puesto 27"},"content":{"rendered":"<p>Z\u00farich.- La reciente Campeona de la Copa Am\u00e9rica disputada en Estados Unidos, Argentina se afirm\u00f3 como primera en la cima del ranking de la FIFA en el mes de julio.<\/p>\n<p>La \u00abalbiceleste\u00bb de Lionel Messi y de Lionel Scaloni, campeona en mundo en Qatar 2022, marcha delante de Francia, su vencida en la final de ese Mundial y eliminada en semifinales de la Eurocopa de Alemania por Espa\u00f1a, campeona del torneo continental.<\/p>\n<p>La \u00abRoja\u00bb de Luis de la Fuente, que se convirti\u00f3 en la selecci\u00f3n m\u00e1s laureada del certamen al celebrar su cuarta corona luego de derrotar en la final disputada en Berl\u00edn a Inglaterra, escal\u00f3 cinco posiciones hasta llegar al tercer escal\u00f3n del podio en el ranking de la FIFA.<\/p>\n<p>Espa\u00f1a ser\u00e1 rival a mediados de 2025 en una \u00abFinalissima\u00bb que a\u00fan no tiene fecha, ni sede definidas de una Argentina que afronta una posible sanci\u00f3n de la FIFA debido a los c\u00e1nticos racistas y hom\u00f3fobos de algunos de sus integrantes durante los festejos posteriores a la conquista de la Copa Am\u00e9rica.<\/p>\n<p>Una situaci\u00f3n que opac\u00f3 la celebraci\u00f3n y llev\u00f3 a la entidad a abrir una investigaci\u00f3n en relaci\u00f3n con el caso que gener\u00f3, adem\u00e1s, una tensi\u00f3n diplom\u00e1tica entre Argentina y Francia, a cuya selecci\u00f3n alud\u00edan aquellos c\u00e1nticos discriminatorios.<\/p>\n<p>Distanciadas por lo ocurrido, Argentina y Francia se mantienen \u00abhermanadas\u00bb por el ranking de la FIFA, donde la \u00abalbiceleste\u00bb manda con 1.901,48 puntos contra 1.854,91 de los \u00abBlues\u00bb de Didier Deschamps, apenas distanciados de una Espa\u00f1a que acumula 1.835,67 unidades.<\/p>\n<p>Inglaterra, de la que se alej\u00f3 el entrenador Gareth Southgate luego de una nueva final perdida en la Eurocopa, se ubica en el cuarto puesto con 1.812,26 puntos por delante de Brasil, al que desplaz\u00f3 y que qued\u00f3 con 1.785,61 tras despedirse de la Copa Am\u00e9rica en cuartos de final frente a Uruguay.<\/p>\n<p>La \u00abCanarinha\u00bb de Dorival Junior cay\u00f3 en definici\u00f3n por penales ante la \u00abCeleste\u00bb del argentino Marcelo Bielsa, que escal\u00f3 tres posiciones en el ranking y marcha und\u00e9cima con 1.713,15 puntos tras haber sido superada en semifinales por Colombia, aunque luego derrot\u00f3 por penales a Canad\u00e1 en el duelo por el tercer puesto.<\/p>\n<p>La \u00abCafetera\u00bb del argentino N\u00e9stor Lorenzo no pudo extender su invicto de 28 partidos al perder la final de la Copa Am\u00e9rica frente a Argentina, pero su actuaci\u00f3n le permiti\u00f3 escalar tambi\u00e9n tres posiciones en la clasificaci\u00f3n de la FIFA, en el que ahora ocupa en noveno lugar con 1.727,32 puntos.<\/p>\n<p>En el d\u00e9cimo puesto, entre Colombia y Uruguay, se ubica Italia (1.714,29) luego de resignar su corona en la Eurocopa al caer en octavos de final frente a Suiza, eliminada en la siguiente ronda por penales frente a Inglaterra y que escal\u00f3 cuatro posiciones en el ranking FIFA hasta llegar al decimoquinto lugar con 1.654,1 puntos.<\/p>\n<p>Por encima de Colombia quedaron B\u00e9lgica (que cay\u00f3 del tercero al sexto puesto), Pa\u00edses Bajos, que se mantuvo en el s\u00e9ptimo luego de perder en semifinales de la Eurocopa frente a Inglaterra, y el Portugal de Cristiano Ronaldo, que descendi\u00f3 del sexto al octavo tras despedirse del torneo continental en cuartos de final con derrota por penales frente a Francia.<\/p>\n<p>Alemania, anfitriona del torneo que cay\u00f3 en la misma instancia frente a Espa\u00f1a en tiempo suplementario, ascendi\u00f3 tres posiciones en el ranking y ocupa el decimotercer puesto por detr\u00e1s de Croacia, eliminada de la Eurocopa en la fase de grupos.<\/p>\n<p>Cinco puestos retrocedi\u00f3 hasta quedar en el decimosexto, Estados Unidos, que alberg\u00f3 una Copa Am\u00e9rica muy cuestionada por las fallas organizativas que tuvieron su pico m\u00e1s alto justamente en la final disputada en Miami, que comenz\u00f3 con m\u00e1s de una hora y media de retraso respecto del horario previsto debido al caos que se gener\u00f3 en el ingreso al Hard Rock Stadium.<\/p>\n<p>Los tambi\u00e9n anfitriones del Mundial 2026 que organizar\u00e1n en forma conjunta M\u00e9xico y Canad\u00e1, se despidieron de su Copa Am\u00e9rica en la fase de grupos, en la que Venezuela sorprendi\u00f3 a propios y a extra\u00f1os al avanzar como uno de los tres equipos que accedi\u00f3 a cuartos de final con tres victorias en la primera ronda (los otros fueron Argentina y Uruguay).<\/p>\n<p>La \u00abVinotinto\u00bb del argentino Fernando Batista se despidi\u00f3 en cuartos al caer por penales frente a Canad\u00e1, pero dej\u00f3 una muy buena imagen y es la selecci\u00f3n que m\u00e1s puestos trep\u00f3 en el ranking de la FIFA (17), al pasar del 54\u00b0 al 37\u00b0.<\/p>\n<p>Canad\u00e1, que finaliz\u00f3 cuarta en su primera participaci\u00f3n en el torneo, y Panam\u00e1, que fue eliminada en cuartos por Colombia, escalaron ocho posiciones cada una y ahora est\u00e1n en el cuadrag\u00e9simo y en el trig\u00e9simo quinto puestos del ranking.<\/p>\n<p>Otra de las selecciones que tuvo un ascenso mete\u00f3rico en la clasificaci\u00f3n de la FIFA fue Turqu\u00eda, que al mando del italiano Vincenzo Montella accedi\u00f3 a los cuartos de final de la Eurocopa (cay\u00f3 frente a Pa\u00edses Bajos) y escal\u00f3 16 posiciones para quedar en el vig\u00e9simo sexto lugar, uno por delante de Ecuador.<\/p>\n","protected":false},"excerpt":{"rendered":"<p>Z\u00farich.- La reciente Campeona de la Copa Am\u00e9rica disputada en Estados Unidos, Argentina se afirm\u00f3 como primera en la cima del ranking de la FIFA en el mes de julio. La \u00abalbiceleste\u00bb de Lionel Messi y de Lionel Scaloni, campeona en mundo en Qatar 2022, marcha delante de Francia, su vencida en la final de [&hellip;]<\/p>\n","protected":false},"author":2,"featured_media":5415,"comment_status":"open","ping_status":"closed","sticky":false,"template":"","format":"standard","meta":{"_jetpack_memberships_contains_paid_content":false,"footnotes":""},"categories":[7],"tags":[2659],"class_list":["post-16617","post","type-post","status-publish","format-standard","has-post-thumbnail","hentry","category-futbol-internacional","tag-ranking-fifa"],"jetpack_featured_media_url":"https:\/\/radiocresatelital.com\/wp-content\/uploads\/2023\/10\/fifa3518.jpg","jetpack_sharing_enabled":true,"_links":{"self":[{"href":"https:\/\/radiocresatelital.com\/index.php?rest_route=\/wp\/v2\/posts\/16617","targetHints":{"allow":["GET"]}}],"collection":[{"href":"https:\/\/radiocresatelital.com\/index.php?rest_route=\/wp\/v2\/posts"}],"about":[{"href":"https:\/\/radiocresatelital.com\/index.php?rest_route=\/wp\/v2\/types\/post"}],"author":[{"embeddable":true,"href":"https:\/\/radiocresatelital.com\/index.php?rest_route=\/wp\/v2\/users\/2"}],"replies":[{"embeddable":true,"href":"https:\/\/radiocresatelital.com\/index.php?rest_route=%2Fwp%2Fv2%2Fcomments&post=16617"}],"version-history":[{"count":1,"href":"https:\/\/radiocresatelital.com\/index.php?rest_route=\/wp\/v2\/posts\/16617\/revisions"}],"predecessor-version":[{"id":16618,"href":"https:\/\/radiocresatelital.com\/index.php?rest_route=\/wp\/v2\/posts\/16617\/revisions\/16618"}],"wp:featuredmedia":[{"embeddable":true,"href":"https:\/\/radiocresatelital.com\/index.php?rest_route=\/wp\/v2\/media\/5415"}],"wp:attachment":[{"href":"https:\/\/radiocresatelital.com\/index.php?rest_route=%2Fwp%2Fv2%2Fmedia&parent=16617"}],"wp:term":[{"taxonomy":"category","embeddable":true,"href":"https:\/\/radiocresatelital.com\/index.php?rest_route=%2Fwp%2Fv2%2Fcategories&post=16617"},{"taxonomy":"post_tag","embeddable":true,"href":"https:\/\/radiocresatelital.com\/index.php?rest_route=%2Fwp%2Fv2%2Ftags&post=16617"}],"curies":[{"name":"wp","href":"https:\/\/api.w.org\/{rel}","templated":true}]}}