{"id":16549,"date":"2024-07-17T19:09:22","date_gmt":"2024-07-17T19:09:22","guid":{"rendered":"https:\/\/radiocresatelital.com\/?p=16549"},"modified":"2024-07-17T19:09:22","modified_gmt":"2024-07-17T19:09:22","slug":"lionel-messi-no-juagra-por-los-menos-dos-semanas-en-el-inter-miami","status":"publish","type":"post","link":"https:\/\/radiocresatelital.com\/?p=16549","title":{"rendered":"Lionel Messi no juagr\u00e1 por los menos dos semanas en el Inter Miami"},"content":{"rendered":"<p>Nueva York.- El internacional argentino, Lionel Messi, que no poudo terminar el partido ante Colombia en la final de la Copa Am\u00e9rica por una lesi\u00f3n en el tobillo derecho, no podr\u00e1 participar con el Inter Mimai al menos los dos pr\u00f3ximos partidos, explic\u00f3 el t\u00e9cnico Gerardo Martino.<\/p>\n<p>Inter Miami juega este mi\u00e9rcoles en la MLS contra Toronto y el pr\u00f3ximo s\u00e1bado contra Chicago Fire y Martino dijo que no hay \u201cninguna\u201d posibilidad de que Messi dispute estos encuentros.<\/p>\n<p>\u201c\u00c9l tuvo una entorsis, evidentemente, la lesi\u00f3n est\u00e1 y ahora hay que hacer estudios y esperar los resultados\u201d, coment\u00f3 a los medios.<\/p>\n<div class=\"wp-block-image\">\n<figure class=\"aligncenter size-full\">Horas despu\u00e9s, Inter Miami divulg\u00f3 el parte m\u00e9dico que sostiene que Messi sufre \u201cuna lesi\u00f3n de ligamentos en su tobillo derecho\u201d.<\/figure>\n<\/div>\n<p>\u201cLa disponibilidad del capit\u00e1n ser\u00e1 determinada por evaluaciones peri\u00f3dicas y el progreso de su recuperaci\u00f3n\u201d, a\u00f1adi\u00f3 el comunicado.<\/p>\n<p>Con la selecci\u00f3n de Argentina, Messi sufri\u00f3 problemas f\u00edsicos a lo largo de toda la Copa Am\u00e9rica que lastraron su rendimiento.<br \/>\nEn la final, que gan\u00f3 la Albiceleste por 1-0 a Colombia, Messi tuvo que salir del campo.<\/p>\n<div class=\"wp-block-image\">\n<figure class=\"aligncenter size-full\">\u201cUna lesi\u00f3n de tobillo est\u00e1 fuera de todos los pron\u00f3sticos: fue una entorsis en una jugada muy especial, muy puntual mejor dicho. Despu\u00e9s, lo que pasa habitualmente, sobre todo cuando es un tema de tobillo y en una final: cualquier jugador, especialmente Leo, querr\u00eda quedarse dentro de la cancha\u201d, argument\u00f3 Martino.<\/figure>\n<\/div>\n<p>\u201cIntent\u00f3 seguir en el segundo tiempo y lleg\u00f3 un punto donde ya no pudo m\u00e1s. Cuando se trata de una final, como esta de Copa Am\u00e9rica, es muy dif\u00edcil sacar a un jugador de la cancha porque nadie quiere irse de un partido tan importante\u201d, agreg\u00f3.<\/p>\n","protected":false},"excerpt":{"rendered":"<p>Nueva York.- El internacional argentino, Lionel Messi, que no poudo terminar el partido ante Colombia en la final de la Copa Am\u00e9rica por una lesi\u00f3n en el tobillo derecho, no podr\u00e1 participar con el Inter Mimai al menos los dos pr\u00f3ximos partidos, explic\u00f3 el t\u00e9cnico Gerardo Martino. Inter Miami juega este mi\u00e9rcoles en la MLS [&hellip;]<\/p>\n","protected":false},"author":2,"featured_media":2471,"comment_status":"open","ping_status":"closed","sticky":false,"template":"","format":"standard","meta":{"_jetpack_memberships_contains_paid_content":false,"footnotes":""},"categories":[7],"tags":[319,320],"class_list":["post-16549","post","type-post","status-publish","format-standard","has-post-thumbnail","hentry","category-futbol-internacional","tag-inter-miami","tag-lionel-messi"],"jetpack_featured_media_url":"https:\/\/radiocresatelital.com\/wp-content\/uploads\/2023\/08\/Lionel-Messi-Leonardo-Campana-Inter-Miami-Leagues-Cup.jpg","jetpack_sharing_enabled":true,"_links":{"self":[{"href":"https:\/\/radiocresatelital.com\/index.php?rest_route=\/wp\/v2\/posts\/16549","targetHints":{"allow":["GET"]}}],"collection":[{"href":"https:\/\/radiocresatelital.com\/index.php?rest_route=\/wp\/v2\/posts"}],"about":[{"href":"https:\/\/radiocresatelital.com\/index.php?rest_route=\/wp\/v2\/types\/post"}],"author":[{"embeddable":true,"href":"https:\/\/radiocresatelital.com\/index.php?rest_route=\/wp\/v2\/users\/2"}],"replies":[{"embeddable":true,"href":"https:\/\/radiocresatelital.com\/index.php?rest_route=%2Fwp%2Fv2%2Fcomments&post=16549"}],"version-history":[{"count":1,"href":"https:\/\/radiocresatelital.com\/index.php?rest_route=\/wp\/v2\/posts\/16549\/revisions"}],"predecessor-version":[{"id":16550,"href":"https:\/\/radiocresatelital.com\/index.php?rest_route=\/wp\/v2\/posts\/16549\/revisions\/16550"}],"wp:featuredmedia":[{"embeddable":true,"href":"https:\/\/radiocresatelital.com\/index.php?rest_route=\/wp\/v2\/media\/2471"}],"wp:attachment":[{"href":"https:\/\/radiocresatelital.com\/index.php?rest_route=%2Fwp%2Fv2%2Fmedia&parent=16549"}],"wp:term":[{"taxonomy":"category","embeddable":true,"href":"https:\/\/radiocresatelital.com\/index.php?rest_route=%2Fwp%2Fv2%2Fcategories&post=16549"},{"taxonomy":"post_tag","embeddable":true,"href":"https:\/\/radiocresatelital.com\/index.php?rest_route=%2Fwp%2Fv2%2Ftags&post=16549"}],"curies":[{"name":"wp","href":"https:\/\/api.w.org\/{rel}","templated":true}]}}