{"id":16503,"date":"2024-07-16T20:28:25","date_gmt":"2024-07-16T20:28:25","guid":{"rendered":"https:\/\/radiocresatelital.com\/?p=16503"},"modified":"2024-07-16T20:28:25","modified_gmt":"2024-07-16T20:28:25","slug":"continuan-abiertas-las-inscripciones-para-programa-becas-futuro-femenino-guayas","status":"publish","type":"post","link":"https:\/\/radiocresatelital.com\/?p=16503","title":{"rendered":"Contin\u00faan abiertas las inscripciones para Programa Becas Futuro Femenino Guayas"},"content":{"rendered":"<p>Quito.- Si eres una mujer de entre 18 y 28 a\u00f1os y anhelas obtener un t\u00edtulo profesional, \u00a1esta oportunidad es para ti!<\/p>\n<p>El Gobierno del Nuevo Ecuador invita a las j\u00f3venes de Guayas que, por a\u00f1os han visto sus sue\u00f1os postergados, a ser parte del programa Becas Futuro Femenino, impulsado por el presidente, Daniel Noboa.<\/p>\n<p>Este programa est\u00e1 dise\u00f1ado para proporcionar oportunidades educativas a mujeres, priorizando a aquellas en condiciones de vulnerabilidad, discapacidad permanente, v\u00edctimas de violencia de g\u00e9nero, escasos recursos econ\u00f3micos, ecuatorianas retornadas, de pueblos y nacionalidades y dem\u00e1s interesadas.<\/p>\n<p>En esta ocasi\u00f3n las inscripciones est\u00e1n abiertas para mujeres residentes y nacidas en Guayas.<\/p>\n<p>Esta iniciativa ofrece una cobertura del 100 % en matr\u00edcula, aranceles y rubros adicionales para cursar una carrera de tercer nivel t\u00e9cnico y tecnol\u00f3gico superior. Para acceder, debe inscribirse en el siguiente link: https:\/\/siau.senescyt.gob.ec\/convocatorias\/<\/p>\n<p>Son m\u00e1s de 40.000 becas las que se ofertan para la provincia, las cuales dar\u00e1n a 40.000 mujeres la oportunidad de transformar sus vidas y las de sus familias.<\/p>\n<p>Con este programa, el Gobierno del Nuevo Ecuador cumple y reafirma su compromiso con una educaci\u00f3n superior equitativa, inclusiva y de calidad, construyendo caminos que conduzcan a las j\u00f3venes a tener un mejor futuro.<\/p>\n","protected":false},"excerpt":{"rendered":"<p>Quito.- Si eres una mujer de entre 18 y 28 a\u00f1os y anhelas obtener un t\u00edtulo profesional, \u00a1esta oportunidad es para ti! El Gobierno del Nuevo Ecuador invita a las j\u00f3venes de Guayas que, por a\u00f1os han visto sus sue\u00f1os postergados, a ser parte del programa Becas Futuro Femenino, impulsado por el presidente, Daniel Noboa. [&hellip;]<\/p>\n","protected":false},"author":2,"featured_media":16504,"comment_status":"open","ping_status":"closed","sticky":false,"template":"","format":"standard","meta":{"_jetpack_memberships_contains_paid_content":false,"footnotes":""},"categories":[13],"tags":[1931],"class_list":["post-16503","post","type-post","status-publish","format-standard","has-post-thumbnail","hentry","category-noticias-nacionales","tag-gobierno-del-nuevo-ecuador"],"jetpack_featured_media_url":"https:\/\/radiocresatelital.com\/wp-content\/uploads\/2024\/07\/WhatsApp-Image-2024-07-03-at-10.44.18-scaled-1.jpeg","jetpack_sharing_enabled":true,"_links":{"self":[{"href":"https:\/\/radiocresatelital.com\/index.php?rest_route=\/wp\/v2\/posts\/16503","targetHints":{"allow":["GET"]}}],"collection":[{"href":"https:\/\/radiocresatelital.com\/index.php?rest_route=\/wp\/v2\/posts"}],"about":[{"href":"https:\/\/radiocresatelital.com\/index.php?rest_route=\/wp\/v2\/types\/post"}],"author":[{"embeddable":true,"href":"https:\/\/radiocresatelital.com\/index.php?rest_route=\/wp\/v2\/users\/2"}],"replies":[{"embeddable":true,"href":"https:\/\/radiocresatelital.com\/index.php?rest_route=%2Fwp%2Fv2%2Fcomments&post=16503"}],"version-history":[{"count":1,"href":"https:\/\/radiocresatelital.com\/index.php?rest_route=\/wp\/v2\/posts\/16503\/revisions"}],"predecessor-version":[{"id":16505,"href":"https:\/\/radiocresatelital.com\/index.php?rest_route=\/wp\/v2\/posts\/16503\/revisions\/16505"}],"wp:featuredmedia":[{"embeddable":true,"href":"https:\/\/radiocresatelital.com\/index.php?rest_route=\/wp\/v2\/media\/16504"}],"wp:attachment":[{"href":"https:\/\/radiocresatelital.com\/index.php?rest_route=%2Fwp%2Fv2%2Fmedia&parent=16503"}],"wp:term":[{"taxonomy":"category","embeddable":true,"href":"https:\/\/radiocresatelital.com\/index.php?rest_route=%2Fwp%2Fv2%2Fcategories&post=16503"},{"taxonomy":"post_tag","embeddable":true,"href":"https:\/\/radiocresatelital.com\/index.php?rest_route=%2Fwp%2Fv2%2Ftags&post=16503"}],"curies":[{"name":"wp","href":"https:\/\/api.w.org\/{rel}","templated":true}]}}