{"id":165,"date":"2023-06-20T23:13:44","date_gmt":"2023-06-20T23:13:44","guid":{"rendered":"https:\/\/radiocresatelital.com\/?p=165"},"modified":"2023-06-20T23:13:44","modified_gmt":"2023-06-20T23:13:44","slug":"la-unidad-educativa-fiscal-mitad-del-mundo-demuestra-el-compromiso-del-gobierno-con-la-educacion-y-el-bienestar-de-los-estudiantes","status":"publish","type":"post","link":"https:\/\/radiocresatelital.com\/?p=165","title":{"rendered":"La Unidad Educativa Fiscal \u00abMitad del Mundo\u00bb demuestra el compromiso del Gobierno con la educaci\u00f3n y el bienestar de los estudiantes"},"content":{"rendered":"<p>Quito.- El presidente de la Rep\u00fablica, Guillermo Lasso, y la ministra de Educaci\u00f3n, Mar\u00eda Brown, llevaron a cabo un recorrido por la Unidad Educativa Fiscal \u00abMitad del Mundo\u00bb con el objetivo de conocer las mejoras realizadas en esta instituci\u00f3n educativa. La inversi\u00f3n fue de aproximadamente USD 900 mil en el mantenimiento integral de la escuela beneficiado a cerca de 4 mil estudiantes.<\/p>\n<p>Durante la visita, el presidente Lasso y la ministra Brown tuvieron la oportunidad de explorar las instalaciones de la escuela y conocer de cerca las diversas especialidades que se ofrecen. Los alumnos de Turismo compartieron con entusiasmo las maravillas que ofrece el Ecuador.<\/p>\n<p>Un momento destacado del recorrido fue la participaci\u00f3n de cuatro estudiantes de 1.\u00b0 de Bachillerato, quienes impartieron una clase de Historia a las autoridades presentes. Este intercambio de conocimientos entre los estudiantes y las autoridades refuerza el compromiso del Gobierno por impulsar una educaci\u00f3n integral y participativa.<\/p>\n<p>Al ingresar a la Unidad Educativa Fiscal \u00abMitad del Mundo\u00bb, se aprecia la infraestructura de un bloque de aulas, con un nuevo modelo arquitect\u00f3nico que se destaca por su dise\u00f1o basado en principios fundamentales de pertenencia cultural, social y territorial. Esta apuesta por adaptar la arquitectura a las diversas realidades del pa\u00eds se refleja en la importancia otorgada a la iluminaci\u00f3n natural, la continuidad espacial y la transparencia.<\/p>\n<p>La instituci\u00f3n ofrece una variedad de especialidades en el Bachillerato matutino, como Mecanizado y Construcciones Met\u00e1licas, Contabilidad, Ventas e Informaci\u00f3n Tur\u00edstica, y Servicios Hoteleros. Adem\u00e1s, en el Bachillerato nocturno se imparten especialidades en Mecanizado y Construcciones Met\u00e1licas, y Contabilidad. Estas opciones educativas brindan a los estudiantes una formaci\u00f3n t\u00e9cnica calificada y los prepara para desempe\u00f1arse en diferentes campos profesionales.<\/p>\n<p>Estefan\u00eda Zambrano, una de las estudiantes presentes, expres\u00f3 con emoci\u00f3n que esta nueva infraestructura fortalecer\u00e1 su aprendizaje y contribuir\u00e1 a su desarrollo acad\u00e9mico. Asimismo, la docente Margoth Samaniego resalt\u00f3 la relevancia de los aprendizajes impartidos en la instituci\u00f3n, enfatizando que estos preparan a los estudiantes para la vida y les permiten asumir roles de liderazgo en mandos medios.<\/p>\n<p>El Ministerio de Educaci\u00f3n reafirma su compromiso de brindar espacios \u00f3ptimos y seguros para la formaci\u00f3n de los estudiantes. La prioridad del Gobierno Nacional es garantizar una educaci\u00f3n de calidad en entornos de excelencia. El bienestar, la seguridad y el derecho a la educaci\u00f3n de las ni\u00f1as, ni\u00f1os y adolescentes que son la raz\u00f3n de ser y el enfoque principal de las pol\u00edticas educativas implementadas.<\/p>\n<p>El presidente Guillermo Lasso concluy\u00f3 la visita expresando su convicci\u00f3n de que la inversi\u00f3n en espacios adecuados para el desarrollo del aprendizaje es fundamental para construir un mejor futuro. \u201cUna de las prioridades de nuestro Gobierno es la educaci\u00f3n, hemos intervenido de manera integral en m\u00e1s de 2.200 instituciones educativas a nivel nacional y continuaremos trabajando para brindar espacios \u00f3ptimos y seguros a los estudiantes\u201d, manifest\u00f3.<\/p>\n<p>El Ministerio de Educaci\u00f3n, continuar\u00e1 trabajando incansablemente por una transformaci\u00f3n educativa, que promueva la educaci\u00f3n de calidad, garantizando oportunidades equitativas para toda la comunidad educativa del pa\u00eds.<\/p>\n<p>&nbsp;<\/p>\n","protected":false},"excerpt":{"rendered":"<p>Quito.- El presidente de la Rep\u00fablica, Guillermo Lasso, y la ministra de Educaci\u00f3n, Mar\u00eda Brown, llevaron a cabo un recorrido por la Unidad Educativa Fiscal \u00abMitad del Mundo\u00bb con el objetivo de conocer las mejoras realizadas en esta instituci\u00f3n educativa. La inversi\u00f3n fue de aproximadamente USD 900 mil en el mantenimiento integral de la escuela [&hellip;]<\/p>\n","protected":false},"author":2,"featured_media":166,"comment_status":"open","ping_status":"closed","sticky":false,"template":"","format":"standard","meta":{"_jetpack_memberships_contains_paid_content":false,"footnotes":""},"categories":[13],"tags":[39],"class_list":["post-165","post","type-post","status-publish","format-standard","has-post-thumbnail","hentry","category-noticias-nacionales","tag-presidencia-ecuador"],"jetpack_featured_media_url":"https:\/\/radiocresatelital.com\/wp-content\/uploads\/2023\/06\/recorrido-presidencia-4.png","jetpack_sharing_enabled":true,"_links":{"self":[{"href":"https:\/\/radiocresatelital.com\/index.php?rest_route=\/wp\/v2\/posts\/165","targetHints":{"allow":["GET"]}}],"collection":[{"href":"https:\/\/radiocresatelital.com\/index.php?rest_route=\/wp\/v2\/posts"}],"about":[{"href":"https:\/\/radiocresatelital.com\/index.php?rest_route=\/wp\/v2\/types\/post"}],"author":[{"embeddable":true,"href":"https:\/\/radiocresatelital.com\/index.php?rest_route=\/wp\/v2\/users\/2"}],"replies":[{"embeddable":true,"href":"https:\/\/radiocresatelital.com\/index.php?rest_route=%2Fwp%2Fv2%2Fcomments&post=165"}],"version-history":[{"count":1,"href":"https:\/\/radiocresatelital.com\/index.php?rest_route=\/wp\/v2\/posts\/165\/revisions"}],"predecessor-version":[{"id":167,"href":"https:\/\/radiocresatelital.com\/index.php?rest_route=\/wp\/v2\/posts\/165\/revisions\/167"}],"wp:featuredmedia":[{"embeddable":true,"href":"https:\/\/radiocresatelital.com\/index.php?rest_route=\/wp\/v2\/media\/166"}],"wp:attachment":[{"href":"https:\/\/radiocresatelital.com\/index.php?rest_route=%2Fwp%2Fv2%2Fmedia&parent=165"}],"wp:term":[{"taxonomy":"category","embeddable":true,"href":"https:\/\/radiocresatelital.com\/index.php?rest_route=%2Fwp%2Fv2%2Fcategories&post=165"},{"taxonomy":"post_tag","embeddable":true,"href":"https:\/\/radiocresatelital.com\/index.php?rest_route=%2Fwp%2Fv2%2Ftags&post=165"}],"curies":[{"name":"wp","href":"https:\/\/api.w.org\/{rel}","templated":true}]}}