{"id":16469,"date":"2024-07-16T16:47:48","date_gmt":"2024-07-16T16:47:48","guid":{"rendered":"https:\/\/radiocresatelital.com\/?p=16469"},"modified":"2024-07-16T16:47:48","modified_gmt":"2024-07-16T16:47:48","slug":"adn-conformara-un-frente-parlamentario-contra-el-trafico-ilegal-de-combustibles-y-sus-derivados-lucia-jaramillo","status":"publish","type":"post","link":"https:\/\/radiocresatelital.com\/?p=16469","title":{"rendered":"ADN conformar\u00e1 un Frente Parlamentario contra el Tr\u00e1fico Ilegal de Combustibles y sus Derivados, Luc\u00eda Jaramillo"},"content":{"rendered":"<p style=\"text-align: left;\">Quito La asambleista de ADN, Luc\u00eda Jaramillo, manifest\u00f3 que el movimiento oficialista ha decidido conformar un Frente Parlamentario contra el Tr\u00e1fico Ilegal de Combustibles y sus derivados, a ra\u00edz de la denuncia que la Agencia de Regulacion de Combustibles y Derivados no Renovables hizo hace unos d\u00edas en contra de una empresa que pertenece al alcalde de Guayaquil, Aquiles Alvarez y a sus hermanos.<\/p>\n<p>La legisladora explic\u00f3 con documentaci\u00f3n en mano, la inconsistencia entre lo que dicha empresa ha comprado y lo que ha facturado por sus ventas.<\/p>\n<p style=\"text-align: left;\">As\u00ed tambi\u00e9n, la oficialista, al referirse a los juicios pol\u00edticos que se dar\u00edan est\u00e1 semana, espec\u00edficamente los de Wilman Ter\u00e1n y Maribel Barreno, dijo que su voto ser\u00e1 a favor de la sanci\u00f3n para ambos.<\/p>\n","protected":false},"excerpt":{"rendered":"<p>Quito La asambleista de ADN, Luc\u00eda Jaramillo, manifest\u00f3 que el movimiento oficialista ha decidido conformar un Frente Parlamentario contra el Tr\u00e1fico Ilegal de Combustibles y sus derivados, a ra\u00edz de la denuncia que la Agencia de Regulacion de Combustibles y Derivados no Renovables hizo hace unos d\u00edas en contra de una empresa que pertenece al [&hellip;]<\/p>\n","protected":false},"author":3,"featured_media":3483,"comment_status":"open","ping_status":"closed","sticky":false,"template":"","format":"standard","meta":{"_jetpack_memberships_contains_paid_content":false,"footnotes":""},"categories":[13],"tags":[],"class_list":["post-16469","post","type-post","status-publish","format-standard","has-post-thumbnail","hentry","category-noticias-nacionales"],"jetpack_featured_media_url":"https:\/\/radiocresatelital.com\/wp-content\/uploads\/2023\/08\/lucia-jaramillo.jpg","jetpack_sharing_enabled":true,"_links":{"self":[{"href":"https:\/\/radiocresatelital.com\/index.php?rest_route=\/wp\/v2\/posts\/16469","targetHints":{"allow":["GET"]}}],"collection":[{"href":"https:\/\/radiocresatelital.com\/index.php?rest_route=\/wp\/v2\/posts"}],"about":[{"href":"https:\/\/radiocresatelital.com\/index.php?rest_route=\/wp\/v2\/types\/post"}],"author":[{"embeddable":true,"href":"https:\/\/radiocresatelital.com\/index.php?rest_route=\/wp\/v2\/users\/3"}],"replies":[{"embeddable":true,"href":"https:\/\/radiocresatelital.com\/index.php?rest_route=%2Fwp%2Fv2%2Fcomments&post=16469"}],"version-history":[{"count":1,"href":"https:\/\/radiocresatelital.com\/index.php?rest_route=\/wp\/v2\/posts\/16469\/revisions"}],"predecessor-version":[{"id":16470,"href":"https:\/\/radiocresatelital.com\/index.php?rest_route=\/wp\/v2\/posts\/16469\/revisions\/16470"}],"wp:featuredmedia":[{"embeddable":true,"href":"https:\/\/radiocresatelital.com\/index.php?rest_route=\/wp\/v2\/media\/3483"}],"wp:attachment":[{"href":"https:\/\/radiocresatelital.com\/index.php?rest_route=%2Fwp%2Fv2%2Fmedia&parent=16469"}],"wp:term":[{"taxonomy":"category","embeddable":true,"href":"https:\/\/radiocresatelital.com\/index.php?rest_route=%2Fwp%2Fv2%2Fcategories&post=16469"},{"taxonomy":"post_tag","embeddable":true,"href":"https:\/\/radiocresatelital.com\/index.php?rest_route=%2Fwp%2Fv2%2Ftags&post=16469"}],"curies":[{"name":"wp","href":"https:\/\/api.w.org\/{rel}","templated":true}]}}