{"id":16463,"date":"2024-07-16T15:12:45","date_gmt":"2024-07-16T15:12:45","guid":{"rendered":"https:\/\/radiocresatelital.com\/?p=16463"},"modified":"2024-07-16T15:12:45","modified_gmt":"2024-07-16T15:12:45","slug":"alondra-santiago-no-podra-regresar-al-pais","status":"publish","type":"post","link":"https:\/\/radiocresatelital.com\/?p=16463","title":{"rendered":"Alondra Santiago no podr\u00e1 regresar al pa\u00eds"},"content":{"rendered":"<div id=\"\" class=\"portlet-boundary portlet-static-end content-viewer-portlet c_002_001 u-ampliada-contenido last full-access norestricted\">\n<div class=\"DETAIL_TXT AMPLIADA_SECOND\">\n<div class=\"text \">\n<div class=\"paragraph\">\n<p>Quito.- Se neg\u00f3 la acci\u00f3n de protecci\u00f3n interpuesta por la cubana Alondra Santiago en contra del gobierno,luego de que la jueza, Sandra Yanchatipan, determinar\u00e1 que el estado no ha actuado en su contra al revocar la visa que le permit\u00eda a la cubana permanecer en nuestro pa\u00eds.<\/p>\n<\/div>\n<div class=\"content-quotecv\">\n<p>Carlos Soria Abgdo. de Santiago, lament\u00f3 la decisi\u00f3n de la jueza y dijo que la evidencia a favor de la extranjera era abrumadora.<\/p>\n<\/div>\n<div class=\"paragraph\">\n<p>Soria, dijo que apelar\u00e1n la sentencia, puesto que \u00e9stas \u00abson batallas por las que valen la pena pelear\u00bb.<\/p>\n<p>&nbsp;<\/p>\n<p>&nbsp;<\/p>\n<\/div>\n<div id=\"\" class=\"portlet-boundary portlet-static-end htmlcontainer-portlet modal-form-trivia p-0 m-0 w-100\">\n<div><\/div>\n<\/div>\n<\/div>\n<\/div>\n<\/div>\n<div id=\"\" class=\"portlet-boundary portlet-static-end feedback\"><\/div>\n<div id=\"\" class=\"portlet-boundary portlet-static-end adcontainer-portlet u-taboola-1\">\n<div>\n<div id=\"taboola-below-article-thumbnails-organic\" class=\"trc_related_container trc_spotlight_widget tbl-trecs-container trc_elastic trc_elastic_organic-thumbnails-e\" data-placement-name=\"Below article thumbnails organic\">\n<div id=\"vtaboola-below-article-thumbnails-organic-video\"><\/div>\n<\/div>\n<div id=\"taboola-below-article-thumbnails-hybrid\" class=\"trc_related_container trc_spotlight_widget tbl-trecs-container trc_elastic trc_elastic_alternating-thumbnails-e\" data-placement-name=\"Below article thumbnails hybrid\">\n<div class=\"trc_rbox_container\">\n<div>\n<div id=\"trc_wrapper_8265832765\" class=\"trc_rbox alternating-thumbnails-e trc-content-hybrid\">\n<div id=\"outer_8265832765\" class=\"trc_rbox_outer\">\n<div id=\"rbox-t2m\" class=\"trc_rbox_div trc_rbox_border_elm\">\n<div id=\"internal_trc_8265832765\">\n<div class=\"videoCube trc_spotlight_item origin-default textItem thumbnail_top videoCube_1_child trc-first-recommendation trc-spotlight-first-recommendation\" data-item-id=\"~~V1~~-8877673690405054930~~FCfhrtUwbagwa0CI2nb_eg\" data-item-title=\"\u00bfQui\u00e9n era Thomas Crooks, el hombre que quiso matar a Donald Trump?\" data-item-thumb=\"https:\/\/www.ecuavisa.com\/binrepository\/929x601\/150c0\/600d600\/none\/11705\/QCXR\/trumo-9s_1636983_20240714081541.jpg\" data-item-syndicated=\"false\">\n<div class=\"thumbBlock_holder\"><\/div>\n<\/div>\n<\/div>\n<\/div>\n<\/div>\n<\/div>\n<\/div>\n<\/div>\n<\/div>\n<\/div>\n<\/div>\n","protected":false},"excerpt":{"rendered":"<p>Quito.- Se neg\u00f3 la acci\u00f3n de protecci\u00f3n interpuesta por la cubana Alondra Santiago en contra del gobierno,luego de que la jueza, Sandra Yanchatipan, determinar\u00e1 que el estado no ha actuado en su contra al revocar la visa que le permit\u00eda a la cubana permanecer en nuestro pa\u00eds. Carlos Soria Abgdo. de Santiago, lament\u00f3 la decisi\u00f3n [&hellip;]<\/p>\n","protected":false},"author":3,"featured_media":16465,"comment_status":"open","ping_status":"closed","sticky":false,"template":"","format":"standard","meta":{"_jetpack_memberships_contains_paid_content":false,"footnotes":""},"categories":[13],"tags":[],"class_list":["post-16463","post","type-post","status-publish","format-standard","has-post-thumbnail","hentry","category-noticias-nacionales"],"jetpack_featured_media_url":"https:\/\/radiocresatelital.com\/wp-content\/uploads\/2024\/07\/IMG_20240716_101150.jpg","jetpack_sharing_enabled":true,"_links":{"self":[{"href":"https:\/\/radiocresatelital.com\/index.php?rest_route=\/wp\/v2\/posts\/16463","targetHints":{"allow":["GET"]}}],"collection":[{"href":"https:\/\/radiocresatelital.com\/index.php?rest_route=\/wp\/v2\/posts"}],"about":[{"href":"https:\/\/radiocresatelital.com\/index.php?rest_route=\/wp\/v2\/types\/post"}],"author":[{"embeddable":true,"href":"https:\/\/radiocresatelital.com\/index.php?rest_route=\/wp\/v2\/users\/3"}],"replies":[{"embeddable":true,"href":"https:\/\/radiocresatelital.com\/index.php?rest_route=%2Fwp%2Fv2%2Fcomments&post=16463"}],"version-history":[{"count":1,"href":"https:\/\/radiocresatelital.com\/index.php?rest_route=\/wp\/v2\/posts\/16463\/revisions"}],"predecessor-version":[{"id":16466,"href":"https:\/\/radiocresatelital.com\/index.php?rest_route=\/wp\/v2\/posts\/16463\/revisions\/16466"}],"wp:featuredmedia":[{"embeddable":true,"href":"https:\/\/radiocresatelital.com\/index.php?rest_route=\/wp\/v2\/media\/16465"}],"wp:attachment":[{"href":"https:\/\/radiocresatelital.com\/index.php?rest_route=%2Fwp%2Fv2%2Fmedia&parent=16463"}],"wp:term":[{"taxonomy":"category","embeddable":true,"href":"https:\/\/radiocresatelital.com\/index.php?rest_route=%2Fwp%2Fv2%2Fcategories&post=16463"},{"taxonomy":"post_tag","embeddable":true,"href":"https:\/\/radiocresatelital.com\/index.php?rest_route=%2Fwp%2Fv2%2Ftags&post=16463"}],"curies":[{"name":"wp","href":"https:\/\/api.w.org\/{rel}","templated":true}]}}