{"id":16454,"date":"2024-07-15T19:48:48","date_gmt":"2024-07-15T19:48:48","guid":{"rendered":"https:\/\/radiocresatelital.com\/?p=16454"},"modified":"2024-07-15T21:51:24","modified_gmt":"2024-07-15T21:51:24","slug":"ecuador-celebra-evento-nacional-de-ciudades-por-el-clima","status":"publish","type":"post","link":"https:\/\/radiocresatelital.com\/?p=16454","title":{"rendered":"Ecuador celebra evento nacional de \u201cCiudades por el Clima\u00bb"},"content":{"rendered":"<p>Cuenca.-\u00a0 Con el objetivo de resaltar y promover la acci\u00f3n clim\u00e1tica a nivel nacional, se llev\u00f3 a cabo en Cuenca el evento \u00ab<strong>Ciudades por el Clima: Resultados 2023<\/strong>\u00ab. En este encuentro se presentaron los resultados de la participaci\u00f3n de los municipios ecuatorianos en dos iniciativas clim\u00e1ticas internacionales de las cuales han sido parte de forma voluntaria\u00a0 el \u00faltimo a\u00f1o; se presentaron los avances y resultados del <strong>Pacto Global de Alcaldes por el Clima y la Energ\u00eda (GCoM<\/strong>), creado por una colaboraci\u00f3n entre la Comisi\u00f3n Europea, las Naciones Unidas y redes de ciudades a nivel mundial, y el <strong>Desaf\u00edo de Ciudades (OPCC)<\/strong>, impulsado por el Fondo Mundial para la Naturaleza (WWF).<\/p>\n<p>El <strong>Pacto Global de Alcaldes por el Clima y la Energ\u00eda (GCoM)<\/strong> representa la mayor alianza global de ciudades y gobiernos locales comprometidos con la lucha contra el cambio clim\u00e1tico, impulsado desde 2018 en Ecuador. Este pacto se logr\u00f3 gracias a la colaboraci\u00f3n entre la Asociaci\u00f3n de Municipalidades Ecuatorianas (AME), el Ministerio de Ambiente, Agua y Transici\u00f3n Ecol\u00f3gica (MAATE), la Alcald\u00eda del Distrito Metropolitano de Quito (DMQ) y WWF Ecuador, con el respaldo de la Delegaci\u00f3n de la Uni\u00f3n Europea en Ecuador.<\/p>\n<p>En 2019 se aprob\u00f3 la Primera Estrategia Nacional del GCoM y se obtuvo financiamiento para su ejecuci\u00f3n. Posteriormente, en 2021, se aprob\u00f3 la Segunda Estrategia Nacional, cuya ejecuci\u00f3n comenz\u00f3 en 2023, enmarcando la realizaci\u00f3n de este evento nacional. En Ecuador, las dos Estrategias Nacionales han sido financiadas por la Uni\u00f3n Europea con la colaboraci\u00f3n de la WWF. Actualmente, 14 ciudades del Ecuador son parte de GCoM.<\/p>\n<p><strong>Ecuador fue galardonado con un total de nueve medallas por los avances hasta el a\u00f1o 2023<\/strong>, basadas en tres pilares fundamentales: <strong>adaptaci\u00f3n, mitigaci\u00f3n y acceso a la energ\u00eda<\/strong>. El pa\u00eds obtuvo ocho medallas en adaptaci\u00f3n y una en acceso a la energ\u00eda y reducci\u00f3n de la pobreza energ\u00e9tica. Entre las ciudades reconocidas se encuentran Guayaquil, Quito, Cuenca, Lago Agrio, Ambato y Montecristi. Adem\u00e1s, Quito y Cuenca forman parte de las 15 ciudades de Am\u00e9rica Latina incluidas en el programa de Ciudades Emblem\u00e1ticas del Pacto Global, desempe\u00f1ando un papel crucial como ejemplo en la lucha clim\u00e1tica para otras ciudades<\/p>\n<p>La iniciativa One Planet City Challenge (OPCC) del Fondo Mundial para la Naturaleza (WWF), destaca la participaci\u00f3n de ciudades ecuatorianas en la lucha global contra el cambio clim\u00e1tico y la creaci\u00f3n de entornos urbanos y rurales sostenibles. En su edici\u00f3n de 2024, m\u00e1s de 350 gobiernos locales de casi 50 pa\u00edses participaron. En el pa\u00eds participaron 15 ciudades, y Cuenca fue seleccionada como la Ganadora Nacional del Desaf\u00edo de Ciudades 2024, por su ambici\u00f3n y estrategias efectivas en movilidad, energ\u00eda y gesti\u00f3n de residuos, mientras que Portoviejo fue preseleccionada por su liderazgo local y proyectos en agua, saneamiento y adaptaci\u00f3n ecosist\u00e9mica.<\/p>\n<p>El encuentro en Cuenca se enfoc\u00f3 en analizar los resultados de las evaluaciones de los 19 municipios participantes tanto del GCoM como del OPCC, distribuidos en las cuatro regiones de Ecuador. Adem\u00e1s, busc\u00f3 fortalecer la colaboraci\u00f3n entre los municipios y aumentar la conciencia sobre la gesti\u00f3n urbana-rural sostenible, destacando el papel crucial de los l\u00edderes municipales en la lucha contra el cambio clim\u00e1tico. Este compromiso se refleja en su participaci\u00f3n en ambas iniciativas, promoviendo la sostenibilidad y la resiliencia territorial.<\/p>\n<p>El evento cont\u00f3 con de delegaciones de los siguientes municipios: Portoviejo, Manta, Montecristi, Guayaquil, Quito, Latacunga, Ambato, Cuenca, Loja, Nueva Loja (Lago Agrio), Santa Cruz, Santa Elena, Ibarra, Ba\u00f1os de Agua Santa, Puyo (Pastaza), Esmeraldas, Bah\u00eda de Car\u00e1quez (Sucre), Samborond\u00f3n y Salinas. Adem\u00e1s, asistieron representantes de la Delegaci\u00f3n de la Uni\u00f3n Europea en Ecuador, AME \/ Punto Focal para GCoM Ecuador y representante de WWF Ecuador.<\/p>\n","protected":false},"excerpt":{"rendered":"<p>Cuenca.-\u00a0 Con el objetivo de resaltar y promover la acci\u00f3n clim\u00e1tica a nivel nacional, se llev\u00f3 a cabo en Cuenca el evento \u00abCiudades por el Clima: Resultados 2023\u00ab. En este encuentro se presentaron los resultados de la participaci\u00f3n de los municipios ecuatorianos en dos iniciativas clim\u00e1ticas internacionales de las cuales han sido parte de forma [&hellip;]<\/p>\n","protected":false},"author":2,"featured_media":16455,"comment_status":"open","ping_status":"closed","sticky":false,"template":"","format":"standard","meta":{"_jetpack_memberships_contains_paid_content":false,"footnotes":""},"categories":[13],"tags":[2650],"class_list":["post-16454","post","type-post","status-publish","format-standard","has-post-thumbnail","hentry","category-noticias-nacionales","tag-ciudades-por-el-clima"],"jetpack_featured_media_url":"https:\/\/radiocresatelital.com\/wp-content\/uploads\/2024\/07\/WhatsApp-Image-2024-07-15-at-16.44.59.jpeg","jetpack_sharing_enabled":true,"_links":{"self":[{"href":"https:\/\/radiocresatelital.com\/index.php?rest_route=\/wp\/v2\/posts\/16454","targetHints":{"allow":["GET"]}}],"collection":[{"href":"https:\/\/radiocresatelital.com\/index.php?rest_route=\/wp\/v2\/posts"}],"about":[{"href":"https:\/\/radiocresatelital.com\/index.php?rest_route=\/wp\/v2\/types\/post"}],"author":[{"embeddable":true,"href":"https:\/\/radiocresatelital.com\/index.php?rest_route=\/wp\/v2\/users\/2"}],"replies":[{"embeddable":true,"href":"https:\/\/radiocresatelital.com\/index.php?rest_route=%2Fwp%2Fv2%2Fcomments&post=16454"}],"version-history":[{"count":1,"href":"https:\/\/radiocresatelital.com\/index.php?rest_route=\/wp\/v2\/posts\/16454\/revisions"}],"predecessor-version":[{"id":16456,"href":"https:\/\/radiocresatelital.com\/index.php?rest_route=\/wp\/v2\/posts\/16454\/revisions\/16456"}],"wp:featuredmedia":[{"embeddable":true,"href":"https:\/\/radiocresatelital.com\/index.php?rest_route=\/wp\/v2\/media\/16455"}],"wp:attachment":[{"href":"https:\/\/radiocresatelital.com\/index.php?rest_route=%2Fwp%2Fv2%2Fmedia&parent=16454"}],"wp:term":[{"taxonomy":"category","embeddable":true,"href":"https:\/\/radiocresatelital.com\/index.php?rest_route=%2Fwp%2Fv2%2Fcategories&post=16454"},{"taxonomy":"post_tag","embeddable":true,"href":"https:\/\/radiocresatelital.com\/index.php?rest_route=%2Fwp%2Fv2%2Ftags&post=16454"}],"curies":[{"name":"wp","href":"https:\/\/api.w.org\/{rel}","templated":true}]}}