{"id":1645,"date":"2023-07-28T20:10:59","date_gmt":"2023-07-28T20:10:59","guid":{"rendered":"https:\/\/radiocresatelital.com\/?p=1645"},"modified":"2023-07-28T20:10:59","modified_gmt":"2023-07-28T20:10:59","slug":"fiestas-julianas-recibieron-a-mas-de-37-000-visitantes-y-generaron-ganancias-a-la-ciudad-por-usd-97-millones","status":"publish","type":"post","link":"https:\/\/radiocresatelital.com\/?p=1645","title":{"rendered":"Fiestas Julianas recibieron a m\u00e1s de 37.000 visitantes y generaron ganancias a la ciudad por USD 9,7 millones"},"content":{"rendered":"<p>Guayaquil.- Alrededor de 37.226 visitantes se registraron durante el feriado del 25 de julio de 2023. De acuerdo a las estad\u00edsticas de la Empresa P\u00fablica Municipal de Turismo, obtenidas a trav\u00e9s del Observatorio Tur\u00edstico de la Universidad Polit\u00e9cnica del Litoral, este movimiento gener\u00f3 ingresos de USD 9\u00b4782.949 para el sector tur\u00edstico local.<\/p>\n<p>La Perla del Pac\u00edfico fue visitada por turistas nacionales, extranjeros y excursionistas, quienes disfrutaron de los lugares y las diferentes actividades organizadas por la Alcald\u00eda Ciudadana de Guayaquil, en homenaje a los 488 a\u00f1os de fundaci\u00f3n de la urbe.<\/p>\n<p>Entre los eventos realizados resaltan los conciertos de la Orquesta Filarm\u00f3nica Municipal que sali\u00f3 de su sede para ir a territorio. Por primera vez los m\u00fasicos se presentaron en las iglesias del Cristo del Consuelo y Mar\u00eda Auxiliadora, como parte del programa \u201cRuta de las Iglesias\u201d.<\/p>\n<p>Durante todo julio, la Banda Municipal de Guayaquil tuvo 53 presentaciones en sitios emblem\u00e1ticos y en los barrios. Por primera vez hubo una presentaci\u00f3n en las escalinatas del Cerro Santa Ana y en la cooperativa Pablo Neruda, en el Guasmo Sur.<\/p>\n<p>Del total de 37.226 visitantes, 27.065 (72.70%) corresponden a turistas; es decir, aquellos que pernoctaron en Guayaquil. Mientras que, 10.161 (27.30%) fueron excursionistas, personas que permanecieron en la ciudad solo por horas.<\/p>\n<p>Adem\u00e1s, por los seis ingresos terrestres a la ciudad, accedieron en promedio 8.900 veh\u00edculos por hora durante los d\u00edas de asueto.<\/p>\n<p>Los lugares m\u00e1s visitados durante las festividades corresponden al centro de la ciudad: Malec\u00f3n 2000, seguido por Las Pe\u00f1as, Cerro Santa Ana, Puerto Santa Ana, Parque Seminario, Calle Panam\u00e1.<\/p>\n<p>Por su parte, la Direcci\u00f3n de Gesti\u00f3n y Promoci\u00f3n Cultural registr\u00f3 la asistencia de m\u00e1s de 300 personas a la inauguraci\u00f3n de la edici\u00f3n 62 del Sal\u00f3n de Julio, que es uno de los cert\u00e1menes culturales m\u00e1s importantes a nivel nacional.<\/p>\n<p>El Parque Seminario y la Torre Morisca fueron los escenarios del concurso de pintura infantil Ponle Pinta a Guayaquil.<\/p>\n<p>A eso se suma la peatonalizaci\u00f3n del Boulevard 9 de Octubre que por primera vez incluy\u00f3 a vendedores no regularizados y se organiz\u00f3 un torneo de \u00edndor f\u00fatbol. En esta actividad particip\u00f3 el Alcalde Aquiles Alvarez, al igual que en la inauguraci\u00f3n de \u201cGuayaquil de Mis Colores\u201d, en el Malec\u00f3n 2000.<\/p>\n<p>Estas actividades contaron con resguardo de agentes metropolitanos, elementos de la Polic\u00eda Nacional y uniformados de la Agencia de Tr\u00e1nsito y Movilidad (ATMI), quienes recibieron el respaldo del sistema de videovigilancia.<\/p>\n","protected":false},"excerpt":{"rendered":"<p>Guayaquil.- Alrededor de 37.226 visitantes se registraron durante el feriado del 25 de julio de 2023. De acuerdo a las estad\u00edsticas de la Empresa P\u00fablica Municipal de Turismo, obtenidas a trav\u00e9s del Observatorio Tur\u00edstico de la Universidad Polit\u00e9cnica del Litoral, este movimiento gener\u00f3 ingresos de USD 9\u00b4782.949 para el sector tur\u00edstico local. La Perla del [&hellip;]<\/p>\n","protected":false},"author":2,"featured_media":1647,"comment_status":"open","ping_status":"closed","sticky":false,"template":"","format":"standard","meta":{"_jetpack_memberships_contains_paid_content":false,"footnotes":""},"categories":[33,13],"tags":[147],"class_list":["post-1645","post","type-post","status-publish","format-standard","has-post-thumbnail","hentry","category-guayaquil","category-noticias-nacionales","tag-fiestas-julianas"],"jetpack_featured_media_url":"https:\/\/radiocresatelital.com\/wp-content\/uploads\/2023\/07\/fiestasgauayquil.jpg","jetpack_sharing_enabled":true,"_links":{"self":[{"href":"https:\/\/radiocresatelital.com\/index.php?rest_route=\/wp\/v2\/posts\/1645","targetHints":{"allow":["GET"]}}],"collection":[{"href":"https:\/\/radiocresatelital.com\/index.php?rest_route=\/wp\/v2\/posts"}],"about":[{"href":"https:\/\/radiocresatelital.com\/index.php?rest_route=\/wp\/v2\/types\/post"}],"author":[{"embeddable":true,"href":"https:\/\/radiocresatelital.com\/index.php?rest_route=\/wp\/v2\/users\/2"}],"replies":[{"embeddable":true,"href":"https:\/\/radiocresatelital.com\/index.php?rest_route=%2Fwp%2Fv2%2Fcomments&post=1645"}],"version-history":[{"count":1,"href":"https:\/\/radiocresatelital.com\/index.php?rest_route=\/wp\/v2\/posts\/1645\/revisions"}],"predecessor-version":[{"id":1648,"href":"https:\/\/radiocresatelital.com\/index.php?rest_route=\/wp\/v2\/posts\/1645\/revisions\/1648"}],"wp:featuredmedia":[{"embeddable":true,"href":"https:\/\/radiocresatelital.com\/index.php?rest_route=\/wp\/v2\/media\/1647"}],"wp:attachment":[{"href":"https:\/\/radiocresatelital.com\/index.php?rest_route=%2Fwp%2Fv2%2Fmedia&parent=1645"}],"wp:term":[{"taxonomy":"category","embeddable":true,"href":"https:\/\/radiocresatelital.com\/index.php?rest_route=%2Fwp%2Fv2%2Fcategories&post=1645"},{"taxonomy":"post_tag","embeddable":true,"href":"https:\/\/radiocresatelital.com\/index.php?rest_route=%2Fwp%2Fv2%2Ftags&post=1645"}],"curies":[{"name":"wp","href":"https:\/\/api.w.org\/{rel}","templated":true}]}}