{"id":16443,"date":"2024-07-15T21:28:03","date_gmt":"2024-07-15T21:28:03","guid":{"rendered":"https:\/\/radiocresatelital.com\/?p=16443"},"modified":"2024-07-15T21:28:03","modified_gmt":"2024-07-15T21:28:03","slug":"el-proyecto-vial-mas-grande-de-la-historia-de-manabi-sera-una-realidad-presidente-daniel-noboa-entrego-la-garantia-soberana-por-usd-43-3-millones","status":"publish","type":"post","link":"https:\/\/radiocresatelital.com\/?p=16443","title":{"rendered":"El Proyecto Vial m\u00e1s grande de la historia de Manab\u00ed ser\u00e1 una realidad: Presidente Daniel Noboa entreg\u00f3 la garant\u00eda soberana por USD 43.3 MILLONES"},"content":{"rendered":"<p>Jipijapa.- El Presidente Daniel Noboa Azin lider\u00f3 la suscripci\u00f3n de la garant\u00eda soberana para Manab\u00ed, una acci\u00f3n decisiva del gobierno central que habilita a la Prefectura para acceder a un cr\u00e9dito de USD 43.4 millones otorgado por el Banco de Desarrollo de Am\u00e9rica Latina y el Caribe (CAF). Los recursos financiar\u00e1n el Programa de Conectividad Vial para el Desarrollo Productivo de la Zona Centro \u2013 Sur de Manab\u00ed. El acto formal se llev\u00f3 a cabo en el cant\u00f3n Jipijapa.<\/p>\n<p>Durante su discurso, el Primer Mandatario enfatiz\u00f3: \u201c\u00a1No m\u00e1s enga\u00f1os, ni robos a los manabitas! En junio pasado, me compromet\u00ed a entregar la garant\u00eda soberana a la provincia de Manab\u00ed para la ejecuci\u00f3n de una mega obra y aqu\u00ed estoy, cumpliendo mi palabra\u201d.<\/p>\n<p>Este es el proyecto vial m\u00e1s grande en la historia de la provincia, pues contempla la intervenci\u00f3n de 118.8 kil\u00f3metros (km) de v\u00edas nuevas que integrar\u00e1n a varios cantones, acercando el campo, la ciudad y el mar. \u201cLas tres grandes v\u00edas conectar\u00e1n zonas rurales con Manab\u00ed y el resto del pa\u00eds; lo que implica un avance irreversible para el desarrollo y productividad de la provincia\u201d, se\u00f1al\u00f3 el Presidente. Con ello, se beneficiar\u00e1n m\u00e1s 723.000 ecuatorianos.<\/p>\n<p><strong>En ese sentido, se prev\u00e9 la construcci\u00f3n de:<\/strong><br \/>\n\uf0b7 La v\u00eda Col\u00f3n \u2013 Quimis, que une a los cantones Portoviejo, Jipijapa y Montecristi, con 22.2 km.<\/p>\n<p>\uf0b7 La v\u00eda Ayacucho \u2013 La Uni\u00f3n &#8211; San Pablo de Pueblo Nuevo &#8211; San Juan de las Cucarachas \u2013 Agua Fr\u00eda, en el cant\u00f3n Santa Ana, que se une con el l\u00edmite provincial con Guayas y contempla 43 km.<\/p>\n<p>\uf0b7 La v\u00eda Calceta \u2013 Quiroga \u2013 El Desv\u00edo, que une a los cantones Bol\u00edvar y Pichincha.<\/p>\n<p>Adicional, el acceso de 1km al nuevo campus universitario de la ULEAM del cant\u00f3n manabita Pichincha. En total son 53.6 km.<\/p>\n<p>El Nuevo Ecuador resuelve \u201cdevolvi\u00e9ndole la dignidad al campo, potenciando el desarrollo y crecimiento del sector agr\u00edcola, como nunca antes\u201d, as\u00ed como el turismo y el comercio, indic\u00f3 Noboa. De esta manera, mejorar las condiciones de vida de las familias ecuatorianas no solo es una prioridad, sino una realidad: \u201cNos toc\u00f3 recibir un pa\u00eds destrozado y le hemos dado la vuelta [a la situaci\u00f3n] en menos de ocho meses, para hoy estar en una situaci\u00f3n financiera en la que podamos ayudar a Manab\u00ed\u201d.<\/p>\n<p>Con la firma de la garant\u00eda soberana, el gobierno local recibe el respaldo del gobierno central, lo que le permite generar mayor confianza y credibilidad ante entidades financieras. Adem\u00e1s, fomenta la descentralizaci\u00f3n y la autonom\u00eda financiera de los gobiernos locales, permiti\u00e9ndoles gestionar sus propios recursos y desarrollar proyectos clave. Al mismo tiempo, implica un manejo m\u00e1s responsable y supervisado del uso de los fondos.<\/p>\n<p>Leonardo Orlando, prefecto de Manab\u00ed, destac\u00f3 que en 200 a\u00f1os de historia es la primera vez que, con el respaldo del gobierno central, se accede de manera directa a un cr\u00e9dito del CAF. En ese sentido, expres\u00f3 su agradecimiento \u201cpor la apertura y respaldo\u201d, que es el primer paso para iniciar la construcci\u00f3n de estos tres tramos viales. \u201cEstamos convencidos de que la articulaci\u00f3n y la coordinaci\u00f3n en todos los niveles del gobierno es lo que nuestros pueblos se merecen y necesitan para seguir construyendo cada d\u00eda esta provincia bicentenaria\u201d.<\/p>\n<p>En ello concord\u00f3 el presidente Noboa y dijo: \u201cAplaudo la estrecha colaboraci\u00f3n de los gobiernos locales con el gobierno central para trabajar en pro a los ciudadanos, con objetivos claros puestos en forjar el Nuevo Ecuador\u201d.<\/p>\n<p>Durante el evento central, \u00c1ngela Plua, alcaldesa de Jipijapa, entreg\u00f3 al presidente Daniel Noboa Azin las llaves de la ciudad. \u201cUsted pasar\u00e1 a la historia como el presidente que tom\u00f3 la decisi\u00f3n de resolver los problemas m\u00e1s emergentes de este cant\u00f3n\u201d, recalc\u00f3.<\/p>\n","protected":false},"excerpt":{"rendered":"<p>Jipijapa.- El Presidente Daniel Noboa Azin lider\u00f3 la suscripci\u00f3n de la garant\u00eda soberana para Manab\u00ed, una acci\u00f3n decisiva del gobierno central que habilita a la Prefectura para acceder a un cr\u00e9dito de USD 43.4 millones otorgado por el Banco de Desarrollo de Am\u00e9rica Latina y el Caribe (CAF). Los recursos financiar\u00e1n el Programa de Conectividad [&hellip;]<\/p>\n","protected":false},"author":2,"featured_media":16444,"comment_status":"open","ping_status":"closed","sticky":false,"template":"","format":"standard","meta":{"_jetpack_memberships_contains_paid_content":false,"footnotes":""},"categories":[13],"tags":[1322],"class_list":["post-16443","post","type-post","status-publish","format-standard","has-post-thumbnail","hentry","category-noticias-nacionales","tag-presidente-daniel-noboa"],"jetpack_featured_media_url":"https:\/\/radiocresatelital.com\/wp-content\/uploads\/2024\/07\/53858947891_8b62dbf56a_c.jpg","jetpack_sharing_enabled":true,"_links":{"self":[{"href":"https:\/\/radiocresatelital.com\/index.php?rest_route=\/wp\/v2\/posts\/16443","targetHints":{"allow":["GET"]}}],"collection":[{"href":"https:\/\/radiocresatelital.com\/index.php?rest_route=\/wp\/v2\/posts"}],"about":[{"href":"https:\/\/radiocresatelital.com\/index.php?rest_route=\/wp\/v2\/types\/post"}],"author":[{"embeddable":true,"href":"https:\/\/radiocresatelital.com\/index.php?rest_route=\/wp\/v2\/users\/2"}],"replies":[{"embeddable":true,"href":"https:\/\/radiocresatelital.com\/index.php?rest_route=%2Fwp%2Fv2%2Fcomments&post=16443"}],"version-history":[{"count":1,"href":"https:\/\/radiocresatelital.com\/index.php?rest_route=\/wp\/v2\/posts\/16443\/revisions"}],"predecessor-version":[{"id":16445,"href":"https:\/\/radiocresatelital.com\/index.php?rest_route=\/wp\/v2\/posts\/16443\/revisions\/16445"}],"wp:featuredmedia":[{"embeddable":true,"href":"https:\/\/radiocresatelital.com\/index.php?rest_route=\/wp\/v2\/media\/16444"}],"wp:attachment":[{"href":"https:\/\/radiocresatelital.com\/index.php?rest_route=%2Fwp%2Fv2%2Fmedia&parent=16443"}],"wp:term":[{"taxonomy":"category","embeddable":true,"href":"https:\/\/radiocresatelital.com\/index.php?rest_route=%2Fwp%2Fv2%2Fcategories&post=16443"},{"taxonomy":"post_tag","embeddable":true,"href":"https:\/\/radiocresatelital.com\/index.php?rest_route=%2Fwp%2Fv2%2Ftags&post=16443"}],"curies":[{"name":"wp","href":"https:\/\/api.w.org\/{rel}","templated":true}]}}