{"id":1642,"date":"2023-07-28T19:52:48","date_gmt":"2023-07-28T19:52:48","guid":{"rendered":"https:\/\/radiocresatelital.com\/?p=1642"},"modified":"2023-07-28T19:53:17","modified_gmt":"2023-07-28T19:53:17","slug":"inicia-la-reconstruccion-de-vias-rurales-en-milagro-y-yaguachi","status":"publish","type":"post","link":"https:\/\/radiocresatelital.com\/?p=1642","title":{"rendered":"Inicia la reconstrucci\u00f3n de v\u00edas rurales en Milagro y Yaguachi"},"content":{"rendered":"<p><span style=\"font-weight: 400;\">Guayaquil.- El viceprefecto del Guayas, Carlos Serrano, inspeccion\u00f3 las obras en la v\u00eda que conecta Milagro con el recinto Carrizal. En el lugar, se instalan alcantarillas y se hacen trabajos de relleno con el fin de ampliar el camino para despu\u00e9s iniciar el asfaltado de 8,23 kil\u00f3metros de v\u00eda.\u00a0<\/span><\/p>\n<p><span style=\"font-weight: 400;\">\u00abHace poco visitamos estos sectores y hoy ya estamos atendiendo a nuestros hermanos agricultores. Somos la Prefectura Ciudadana del Guayas, liderada por Marcela Agui\u00f1aga, que escucha y atiende con obras\u00bb, expres\u00f3 el Viceprefecto.<\/span><\/p>\n<p><span style=\"font-weight: 400;\">Posteriormente Serrano visit\u00f3 el cant\u00f3n Milagro, donde inspeccion\u00f3 los avances en el mantenimiento asf\u00e1ltico de las v\u00edas urbanas que, como parte de un convenio con el municipio milagre\u00f1o, se realizan en las avenidas Velasco Ibarra, Quito y Amazonas; y en las calles C\u00f3rdova, Ibarra y \u00danica.\u00a0<\/span><\/p>\n<p><span style=\"font-weight: 400;\">Tras este recorrido el viceprefecto se traslad\u00f3 hasta Yaguachi donde, actualmente, se ejecutan trabajos de mejoramiento y reconformaci\u00f3n en un tramo de 11km. de la v\u00eda Cascol-Clementina.\u00a0<\/span><\/p>\n<p><span style=\"font-weight: 400;\">Esta obra, esperada por a\u00f1os por los moradores y agricultores de la zona, incluye la elevaci\u00f3n del camino para evitar que este se siga inundando, como ha venido ocurriendo cada invierno.<\/span><\/p>\n<p><span style=\"font-weight: 400;\">\u00abSi llov\u00eda no pod\u00edamos sacar la producci\u00f3n. Y por cada saco de arroz la camioneta nos cobra un d\u00f3lar. Esa tarifa es elevada (\u2026) llegamos a pagar hasta 30 d\u00f3lares\u201d, expres\u00f3 el agricultor Lucio Barros, al respecto.<\/span><\/p>\n","protected":false},"excerpt":{"rendered":"<p>Guayaquil.- El viceprefecto del Guayas, Carlos Serrano, inspeccion\u00f3 las obras en la v\u00eda que conecta Milagro con el recinto Carrizal. En el lugar, se instalan alcantarillas y se hacen trabajos de relleno con el fin de ampliar el camino para despu\u00e9s iniciar el asfaltado de 8,23 kil\u00f3metros de v\u00eda.\u00a0 \u00abHace poco visitamos estos sectores y [&hellip;]<\/p>\n","protected":false},"author":2,"featured_media":1643,"comment_status":"open","ping_status":"closed","sticky":false,"template":"","format":"standard","meta":{"_jetpack_memberships_contains_paid_content":false,"footnotes":""},"categories":[13],"tags":[219],"class_list":["post-1642","post","type-post","status-publish","format-standard","has-post-thumbnail","hentry","category-noticias-nacionales","tag-prefectura-ciudadana-guayas"],"jetpack_featured_media_url":"https:\/\/radiocresatelital.com\/wp-content\/uploads\/2023\/07\/AMF_7776-scaled.jpg","jetpack_sharing_enabled":true,"_links":{"self":[{"href":"https:\/\/radiocresatelital.com\/index.php?rest_route=\/wp\/v2\/posts\/1642","targetHints":{"allow":["GET"]}}],"collection":[{"href":"https:\/\/radiocresatelital.com\/index.php?rest_route=\/wp\/v2\/posts"}],"about":[{"href":"https:\/\/radiocresatelital.com\/index.php?rest_route=\/wp\/v2\/types\/post"}],"author":[{"embeddable":true,"href":"https:\/\/radiocresatelital.com\/index.php?rest_route=\/wp\/v2\/users\/2"}],"replies":[{"embeddable":true,"href":"https:\/\/radiocresatelital.com\/index.php?rest_route=%2Fwp%2Fv2%2Fcomments&post=1642"}],"version-history":[{"count":1,"href":"https:\/\/radiocresatelital.com\/index.php?rest_route=\/wp\/v2\/posts\/1642\/revisions"}],"predecessor-version":[{"id":1644,"href":"https:\/\/radiocresatelital.com\/index.php?rest_route=\/wp\/v2\/posts\/1642\/revisions\/1644"}],"wp:featuredmedia":[{"embeddable":true,"href":"https:\/\/radiocresatelital.com\/index.php?rest_route=\/wp\/v2\/media\/1643"}],"wp:attachment":[{"href":"https:\/\/radiocresatelital.com\/index.php?rest_route=%2Fwp%2Fv2%2Fmedia&parent=1642"}],"wp:term":[{"taxonomy":"category","embeddable":true,"href":"https:\/\/radiocresatelital.com\/index.php?rest_route=%2Fwp%2Fv2%2Fcategories&post=1642"},{"taxonomy":"post_tag","embeddable":true,"href":"https:\/\/radiocresatelital.com\/index.php?rest_route=%2Fwp%2Fv2%2Ftags&post=1642"}],"curies":[{"name":"wp","href":"https:\/\/api.w.org\/{rel}","templated":true}]}}