{"id":16380,"date":"2024-07-12T19:39:00","date_gmt":"2024-07-12T19:39:00","guid":{"rendered":"https:\/\/radiocresatelital.com\/?p=16380"},"modified":"2024-07-12T21:40:55","modified_gmt":"2024-07-12T21:40:55","slug":"buestan-ecuador-participo-en-el-iv-congreso-internacional-de-gestion-y-sostenibilidad-empresarial-cigese-organizado-por-la-universidad-israel","status":"publish","type":"post","link":"https:\/\/radiocresatelital.com\/?p=16380","title":{"rendered":"Buest\u00e1n Ecuador, particip\u00f3 en el IV Congreso Internacional de Gesti\u00f3n y Sostenibilidad Empresarial (CIGESE) organizado por la Universidad Israel"},"content":{"rendered":"<p>Quito.- En Buest\u00e1n Ecuador, la sostenibilidad est\u00e1 en el centro de la estrategia empresarial ayud\u00e1ndonos a alcanzar nuestro prop\u00f3sito de construir progreso para las personas y el planeta por tal raz\u00f3n participamos en el IV Congreso Internacional De Gesti\u00f3n y Sostenibilidad Empresarial (CIGESE 2024) que tiene como prop\u00f3sito divulgar e intercambiar conocimientos y experiencias resultantes de investigaciones que muestren los avances y tendencias de las ciencias administrativas y afines.<\/p>\n<p>Durante dos d\u00edas, expertos y l\u00edderes del sector compartieron conocimientos sobre nuevas tecnolog\u00edas, recursos humanos y sostenibilidad en el \u00e1mbito empresarial. Adem\u00e1s, en el emocionante Eagle Pitch, emprendedores presentaron sus innovadoras ideas de negocio y recibieron premios monetarios.<\/p>\n<p>Para Diana Buest\u00e1n, Gerente General de Buest\u00e1n Ecuador, \u201cestos espacios de intercambio son muy importantes en el desarrollo del pa\u00eds, donde l\u00edderes empresariales, acad\u00e9micos e innovadores puedan compartir sus experiencias, casos de \u00e9xito y lecciones aprendidas en la implementaci\u00f3n de estrategias de gesti\u00f3n del conocimiento orientadas a la innovaci\u00f3n, enriqueciendo as\u00ed el conocimiento colectivo y promoviendo el aprendizaje organizacional\u201d finaliz\u00f3 Buest\u00e1n.<\/p>\n<p>Este gran evento nos deja una clara visi\u00f3n acerca del momento hist\u00f3rico en el que vivimos actualmente dentro del contexto social y financiero en el que nuestra sociedad se desarrolla.<\/p>\n","protected":false},"excerpt":{"rendered":"<p>Quito.- En Buest\u00e1n Ecuador, la sostenibilidad est\u00e1 en el centro de la estrategia empresarial ayud\u00e1ndonos a alcanzar nuestro prop\u00f3sito de construir progreso para las personas y el planeta por tal raz\u00f3n participamos en el IV Congreso Internacional De Gesti\u00f3n y Sostenibilidad Empresarial (CIGESE 2024) que tiene como prop\u00f3sito divulgar e intercambiar conocimientos y experiencias resultantes [&hellip;]<\/p>\n","protected":false},"author":2,"featured_media":16381,"comment_status":"open","ping_status":"closed","sticky":false,"template":"","format":"standard","meta":{"_jetpack_memberships_contains_paid_content":false,"footnotes":""},"categories":[13],"tags":[2642],"class_list":["post-16380","post","type-post","status-publish","format-standard","has-post-thumbnail","hentry","category-noticias-nacionales","tag-buestan-ecuador"],"jetpack_featured_media_url":"https:\/\/radiocresatelital.com\/wp-content\/uploads\/2024\/07\/WhatsApp-Image-2024-07-12-at-16.36.01.jpeg","jetpack_sharing_enabled":true,"_links":{"self":[{"href":"https:\/\/radiocresatelital.com\/index.php?rest_route=\/wp\/v2\/posts\/16380","targetHints":{"allow":["GET"]}}],"collection":[{"href":"https:\/\/radiocresatelital.com\/index.php?rest_route=\/wp\/v2\/posts"}],"about":[{"href":"https:\/\/radiocresatelital.com\/index.php?rest_route=\/wp\/v2\/types\/post"}],"author":[{"embeddable":true,"href":"https:\/\/radiocresatelital.com\/index.php?rest_route=\/wp\/v2\/users\/2"}],"replies":[{"embeddable":true,"href":"https:\/\/radiocresatelital.com\/index.php?rest_route=%2Fwp%2Fv2%2Fcomments&post=16380"}],"version-history":[{"count":1,"href":"https:\/\/radiocresatelital.com\/index.php?rest_route=\/wp\/v2\/posts\/16380\/revisions"}],"predecessor-version":[{"id":16382,"href":"https:\/\/radiocresatelital.com\/index.php?rest_route=\/wp\/v2\/posts\/16380\/revisions\/16382"}],"wp:featuredmedia":[{"embeddable":true,"href":"https:\/\/radiocresatelital.com\/index.php?rest_route=\/wp\/v2\/media\/16381"}],"wp:attachment":[{"href":"https:\/\/radiocresatelital.com\/index.php?rest_route=%2Fwp%2Fv2%2Fmedia&parent=16380"}],"wp:term":[{"taxonomy":"category","embeddable":true,"href":"https:\/\/radiocresatelital.com\/index.php?rest_route=%2Fwp%2Fv2%2Fcategories&post=16380"},{"taxonomy":"post_tag","embeddable":true,"href":"https:\/\/radiocresatelital.com\/index.php?rest_route=%2Fwp%2Fv2%2Ftags&post=16380"}],"curies":[{"name":"wp","href":"https:\/\/api.w.org\/{rel}","templated":true}]}}