{"id":16377,"date":"2024-07-12T21:22:09","date_gmt":"2024-07-12T21:22:09","guid":{"rendered":"https:\/\/radiocresatelital.com\/?p=16377"},"modified":"2024-07-12T21:22:30","modified_gmt":"2024-07-12T21:22:30","slug":"el-apoyo-al-agro-por-parte-de-la-prefectura-ciudadana-del-guayas-continua-en-naranjal","status":"publish","type":"post","link":"https:\/\/radiocresatelital.com\/?p=16377","title":{"rendered":"El apoyo al agro por parte de la Prefectura Ciudadana del Guayas contin\u00faa en Naranjal"},"content":{"rendered":"<p><span style=\"font-weight: 400;\">Guayaquil.- Esta ma\u00f1ana, 300 beneficiarios de ocho asociaciones recibieron kits de fertilizantes de arroz en la cancha de Uso M\u00faltiple de Taura. El evento masivo, liderado por el viceprefecto del Guayas, Carlos Serrano, cont\u00f3 con la presencia del alcalde de Naranjal, Juan Carlos Rivera, la concejal Germania Romero y otros miembros del gremio agr\u00edcola.<\/span><\/p>\n<p><span style=\"font-weight: 400;\">La inauguraci\u00f3n del acto estuvo a cargo del presidente del Gad Parroquial de Taura, Ad\u00e1n Orellana, quien agradeci\u00f3 el compromiso de la Prefectura Ciudadana del Guayas. \u201cHoy contamos con una Prefectura de puertas abiertas, liderada por la abogada Marcela Agui\u00f1aga\u201d, se\u00f1al\u00f3 Orellana, destacando la importancia de esta entrega gratuita de insumos para los peque\u00f1os agricultores naranjale\u00f1os. Estos kits favorecer\u00e1n la reactivaci\u00f3n de las hect\u00e1reas del cant\u00f3n y la econom\u00eda, no solo de los productores, sino del pa\u00eds.<\/span><\/p>\n<p><span style=\"font-weight: 400;\">El viceprefecto Serrano reafirm\u00f3 el compromiso de la Prefectura con el agro, indicando: \u201cAqu\u00ed estamos presentes nuevamente, como lo prometimos en campa\u00f1a, apoy\u00e1ndolos. Sabemos que esto les favorecer\u00e1 la econom\u00eda de cada uno de ustedes y aumentar\u00e1 la productividad de sus cultivos. Adem\u00e1s, reiteramos que estos kits son gratuitos\u201d.<\/span><\/p>\n<p><span style=\"font-weight: 400;\">Manuel Cochancela, presidente de la Asociaci\u00f3n de Productores Agropecuarios 8 de Abril, tambi\u00e9n expres\u00f3 su agradecimiento en nombre de los productores agr\u00edcolas del cant\u00f3n Naranjal. \u201cEstos kits nos ayudan y nos alientan a seguir trabajando d\u00eda a d\u00eda por el futuro de nuestras familias\u201d, se\u00f1al\u00f3 Cochancela.<\/span><\/p>\n<p><span style=\"font-weight: 400;\">La Prefectura Ciudadana del Guayas continuar\u00e1 fortaleciendo el desarrollo agr\u00edcola de la provincia, brindando el apoyo necesario para que los peque\u00f1os productores puedan seguir adelante con sus labores y mejorar su calidad de vida.<\/span><\/p>\n","protected":false},"excerpt":{"rendered":"<p>Guayaquil.- Esta ma\u00f1ana, 300 beneficiarios de ocho asociaciones recibieron kits de fertilizantes de arroz en la cancha de Uso M\u00faltiple de Taura. El evento masivo, liderado por el viceprefecto del Guayas, Carlos Serrano, cont\u00f3 con la presencia del alcalde de Naranjal, Juan Carlos Rivera, la concejal Germania Romero y otros miembros del gremio agr\u00edcola. La [&hellip;]<\/p>\n","protected":false},"author":2,"featured_media":16378,"comment_status":"open","ping_status":"closed","sticky":false,"template":"","format":"standard","meta":{"_jetpack_memberships_contains_paid_content":false,"footnotes":""},"categories":[13],"tags":[415,2641],"class_list":["post-16377","post","type-post","status-publish","format-standard","has-post-thumbnail","hentry","category-noticias-nacionales","tag-prefectura-ciudadana-del-guayas","tag-viceprefecto-del-guayas"],"jetpack_featured_media_url":"https:\/\/radiocresatelital.com\/wp-content\/uploads\/2024\/07\/IMG-20240712-WA0054-scaled.jpg","jetpack_sharing_enabled":true,"_links":{"self":[{"href":"https:\/\/radiocresatelital.com\/index.php?rest_route=\/wp\/v2\/posts\/16377","targetHints":{"allow":["GET"]}}],"collection":[{"href":"https:\/\/radiocresatelital.com\/index.php?rest_route=\/wp\/v2\/posts"}],"about":[{"href":"https:\/\/radiocresatelital.com\/index.php?rest_route=\/wp\/v2\/types\/post"}],"author":[{"embeddable":true,"href":"https:\/\/radiocresatelital.com\/index.php?rest_route=\/wp\/v2\/users\/2"}],"replies":[{"embeddable":true,"href":"https:\/\/radiocresatelital.com\/index.php?rest_route=%2Fwp%2Fv2%2Fcomments&post=16377"}],"version-history":[{"count":1,"href":"https:\/\/radiocresatelital.com\/index.php?rest_route=\/wp\/v2\/posts\/16377\/revisions"}],"predecessor-version":[{"id":16379,"href":"https:\/\/radiocresatelital.com\/index.php?rest_route=\/wp\/v2\/posts\/16377\/revisions\/16379"}],"wp:featuredmedia":[{"embeddable":true,"href":"https:\/\/radiocresatelital.com\/index.php?rest_route=\/wp\/v2\/media\/16378"}],"wp:attachment":[{"href":"https:\/\/radiocresatelital.com\/index.php?rest_route=%2Fwp%2Fv2%2Fmedia&parent=16377"}],"wp:term":[{"taxonomy":"category","embeddable":true,"href":"https:\/\/radiocresatelital.com\/index.php?rest_route=%2Fwp%2Fv2%2Fcategories&post=16377"},{"taxonomy":"post_tag","embeddable":true,"href":"https:\/\/radiocresatelital.com\/index.php?rest_route=%2Fwp%2Fv2%2Ftags&post=16377"}],"curies":[{"name":"wp","href":"https:\/\/api.w.org\/{rel}","templated":true}]}}