{"id":16373,"date":"2024-07-13T11:00:03","date_gmt":"2024-07-13T11:00:03","guid":{"rendered":"https:\/\/radiocresatelital.com\/?p=16373"},"modified":"2024-07-12T21:18:07","modified_gmt":"2024-07-12T21:18:07","slug":"uruguay-vs-canada-quien-se-quedara-con-el-tercer-puesto-de-la-copa-america-2024-previa","status":"publish","type":"post","link":"https:\/\/radiocresatelital.com\/?p=16373","title":{"rendered":"Uruguay vs Canad\u00e1 qui\u00e9n se quedar\u00e1 con el tercer puesto de la Copa Am\u00e9rica 2024 (Previa)"},"content":{"rendered":"<p>Charlotte.- El combinado de Uruguay luego de la eliminaci\u00f3n de semifinales contra Colombia\u00a0y la batalla campal entre sus jugadores y la hinchada cafetera, llega a Charlotte para disputar el tercer y cuarto puesto de la Copa Am\u00e9rica contra Canad\u00e1, un duelo ya sin trascendencia deportiva al que llega hundido an\u00edmicamente y repleto de dudas sobre el presente y el futuro, pendiente del expediente de CONMEBOL.<\/p>\n<p>El escenario ser\u00e1 el Bank of Am\u00e9rica Stadium de Charlotte, el mismo en el que el mi\u00e9rcoles Colombia dej\u00f3 a la Celeste sin final y el mismo en el que, al acabar el partido, Darwin N\u00fa\u00f1ez, Ronald Ara\u00fajo y Jos\u00e9 Mar\u00eda Gim\u00e9nez protagonizaron una batalla campal en las gradas con unos aficionados cafeteros para, seg\u00fan los uruguayos, defender a sus familias de las agresiones de algunos hinchas.<\/p>\n<p>La CONMEBOL abri\u00f3 un expediente para aclarar las responsabilidades de lo acontecido y Uruguay inform\u00f3 de que cuenta con \u201cuna bater\u00eda de profesionales\u201d de derecho para defender su posici\u00f3n.<\/p>\n<p>La estrategia de la Asociaci\u00f3n Uruguaya de F\u00fatbol es alegar un fallo sufrido y la mala conducta de algunos aficionados de Colombia como atenuante por la reacci\u00f3n de sus jugadores.<\/p>\n<p>\u201cHubo una reacci\u00f3n natural, instintiva, de padre, de esposo, de hermano, de hijo al ver a su familia en un momento muy complicado y al ver que no permit\u00edan la evacuaci\u00f3n hacia la cancha, que es lo que el protocolo indica\u201d, dijo Alonso en la zona mixta posterior a la segunda semifinal de la Copa Am\u00e9rica.<\/p>\n<p>\u201cTendremos que ver el expediente cuando llegue, ver cu\u00e1les son los jugadores se\u00f1alados, sobre qu\u00e9 art\u00edculos se les est\u00e1 imputando la falta y as\u00ed aplicaremos la estrategia jur\u00eddica para evitar que las sanciones sean importantes\u201d, inform\u00f3.<\/p>\n<p>De momento, Uruguay fue informado de que su lateral Guillermo Varela fue expulsado por una pelea en el campo, al acabar el encuentro con Colombia, con un funcionario de la selecci\u00f3n cafetera. Se perder\u00e1 la final por el tercer y cuarto puesto al igual que Nicol\u00e1s De La Cruz, suspendido por acumulaci\u00f3n de tarjetas, y Ronald Ara\u00fajo, lesionado.<\/p>\n<p>Todos los dem\u00e1s futbolistas, incluidos los que participaron en la trifulca en las gradas, est\u00e1n actualmente disponibles aunque no est\u00e1 claro si el t\u00e9cnico Marcelo Bielsa decidir\u00e1 alinearlos de titulares.<\/p>\n<p>Regresar\u00e1 al once Nahitan N\u00e1ndez, quien se perdi\u00f3 la semifinal con Colombia por la roja vista contra Brasil en los cuartos.<\/p>\n<p>Uruguay disputar\u00e1 una final para el tercer y cuarto puesto de la Copa Am\u00e9rica por cuarta vez. Este formato se introdujo a partir de 1975.<\/p>\n<p>En 2001, perdi\u00f3 en la tanda de penaltis contra Honduras (4-5), en 2004 gan\u00f3 por 2-1 a Colombia y en 2007 perdi\u00f3 1-3 con M\u00e9xico.<\/p>\n<p>Para Canad\u00e1 ser\u00e1 la primera participaci\u00f3n en este tipo de encuentro en la Copa Am\u00e9rica, en la que se estren\u00f3 este a\u00f1o.<\/p>\n<p>La selecci\u00f3n canadiense s\u00ed disput\u00f3 una final para el tercer y cuarto puesto en la Copa de Oro de 2002, cuando gan\u00f3 por 2-1 a M\u00e9xico.<\/p>\n<h2 id=\"h-alineaciones-probables-en-la-copa-america\" class=\"wp-block-heading\">Alineaciones probables en la Copa Am\u00e9rica<\/h2>\n<figure class=\"wp-block-table is-style-stripes\">\n<table>\n<tbody>\n<tr>\n<td class=\"has-text-align-center\" data-align=\"center\"><img decoding=\"async\" src=\"https:\/\/images.emojiterra.com\/google\/noto-emoji\/unicode-15.1\/color\/svg\/1f1e8-1f1e6.svg\" alt=\"Google (Noto Color Emoji - Unicode 15.1)\" \/><strong>Canad\u00e1<\/strong><\/td>\n<td>Maxime Crepeau; Alistair Johnston, Moise Bombito, Derek Cornelius, Alphonso Davies; Richie Laryea, Ismael Kone, Stephen Eustaquio, Jacob Shaffelburg; Cyle Larin, Jonathan David.<\/td>\n<\/tr>\n<\/tbody>\n<\/table><figcaption class=\"wp-element-caption\"><strong>Seleccionador:<\/strong>\u00a0Jesse Marsch.<\/figcaption><\/figure>\n<figure class=\"wp-block-table is-style-stripes\">\n<table>\n<tbody>\n<tr>\n<td class=\"has-text-align-center\" data-align=\"center\"><img decoding=\"async\" src=\"https:\/\/images.emojiterra.com\/google\/noto-emoji\/unicode-15.1\/color\/svg\/1f1fa-1f1fe.svg\" alt=\"Google (Noto Color Emoji - Unicode 15.1)\" \/><strong>Uruguay<\/strong><\/td>\n<td>Sergio Rochet; Nahitan N\u00e1ndez, Jos\u00e9 Mar\u00eda Gim\u00e9nez, Math\u00edas Olivera, Mat\u00edas Vi\u00f1a; Fede Valverde, Manuel Ugarte, Rodrigo Bentancur o Giorgian De Arrascaeta; Maximiliano Ara\u00fajo, Facundo Pellistri; Darwin N\u00fa\u00f1ez o Luis Su\u00e1rez.<\/td>\n<\/tr>\n<\/tbody>\n<\/table><figcaption class=\"wp-element-caption\"><strong>Seleccionador:<\/strong>\u00a0Marcelo Bielsa.<\/figcaption><\/figure>\n<figure class=\"wp-block-table is-style-stripes\">\n<table>\n<tbody>\n<tr>\n<td><strong>\u00c1rbitro<\/strong><\/td>\n<td>Alexis Herrera (Venezuela).<\/td>\n<\/tr>\n<tr>\n<td><strong>Estadio<\/strong><\/td>\n<td>Bank of Am\u00e9rica Stadium (Charlotte, Carolina del Norte).<\/td>\n<\/tr>\n<\/tbody>\n<\/table>\n<\/figure>\n","protected":false},"excerpt":{"rendered":"<p>Charlotte.- El combinado de Uruguay luego de la eliminaci\u00f3n de semifinales contra Colombia\u00a0y la batalla campal entre sus jugadores y la hinchada cafetera, llega a Charlotte para disputar el tercer y cuarto puesto de la Copa Am\u00e9rica contra Canad\u00e1, un duelo ya sin trascendencia deportiva al que llega hundido an\u00edmicamente y repleto de dudas sobre [&hellip;]<\/p>\n","protected":false},"author":2,"featured_media":16374,"comment_status":"open","ping_status":"closed","sticky":false,"template":"","format":"standard","meta":{"_jetpack_memberships_contains_paid_content":false,"footnotes":""},"categories":[29],"tags":[1233],"class_list":["post-16373","post","type-post","status-publish","format-standard","has-post-thumbnail","hentry","category-copa-america-2024","tag-copa-america-2024"],"jetpack_featured_media_url":"https:\/\/radiocresatelital.com\/wp-content\/uploads\/2024\/07\/Canada-Uruguay-Pronostico-2.png","jetpack_sharing_enabled":true,"_links":{"self":[{"href":"https:\/\/radiocresatelital.com\/index.php?rest_route=\/wp\/v2\/posts\/16373","targetHints":{"allow":["GET"]}}],"collection":[{"href":"https:\/\/radiocresatelital.com\/index.php?rest_route=\/wp\/v2\/posts"}],"about":[{"href":"https:\/\/radiocresatelital.com\/index.php?rest_route=\/wp\/v2\/types\/post"}],"author":[{"embeddable":true,"href":"https:\/\/radiocresatelital.com\/index.php?rest_route=\/wp\/v2\/users\/2"}],"replies":[{"embeddable":true,"href":"https:\/\/radiocresatelital.com\/index.php?rest_route=%2Fwp%2Fv2%2Fcomments&post=16373"}],"version-history":[{"count":2,"href":"https:\/\/radiocresatelital.com\/index.php?rest_route=\/wp\/v2\/posts\/16373\/revisions"}],"predecessor-version":[{"id":16376,"href":"https:\/\/radiocresatelital.com\/index.php?rest_route=\/wp\/v2\/posts\/16373\/revisions\/16376"}],"wp:featuredmedia":[{"embeddable":true,"href":"https:\/\/radiocresatelital.com\/index.php?rest_route=\/wp\/v2\/media\/16374"}],"wp:attachment":[{"href":"https:\/\/radiocresatelital.com\/index.php?rest_route=%2Fwp%2Fv2%2Fmedia&parent=16373"}],"wp:term":[{"taxonomy":"category","embeddable":true,"href":"https:\/\/radiocresatelital.com\/index.php?rest_route=%2Fwp%2Fv2%2Fcategories&post=16373"},{"taxonomy":"post_tag","embeddable":true,"href":"https:\/\/radiocresatelital.com\/index.php?rest_route=%2Fwp%2Fv2%2Ftags&post=16373"}],"curies":[{"name":"wp","href":"https:\/\/api.w.org\/{rel}","templated":true}]}}