{"id":16370,"date":"2024-07-12T21:11:50","date_gmt":"2024-07-12T21:11:50","guid":{"rendered":"https:\/\/radiocresatelital.com\/?p=16370"},"modified":"2024-07-12T21:11:50","modified_gmt":"2024-07-12T21:11:50","slug":"marcelo-bielsa-pierde-la-cabeza-en-rueda-de-prensa-previo-al-partido-ante-canada-en-copa-america-2024","status":"publish","type":"post","link":"https:\/\/radiocresatelital.com\/?p=16370","title":{"rendered":"Marcelo Bielsa pierde la cabeza en rueda de prensa previo al partido ante Canad\u00e1 en Copa Am\u00e9rica 2024"},"content":{"rendered":"<p>Charlotte.- El t\u00e9cnico argentino Marcelo Bielsa, actual seleccionador de Uruguay, fue muy fuerte y contundente contra los servicios de seguridad del estadio de Charlotte quienes no aplicaron los diferentes protocolos de protecci\u00f3n de los familiares de los futbolistas asegurando que la organizaci\u00f3n deber\u00eda \u201cpedir disculpas\u201d por lo acontecido en vez de buscar culpables entre los futbolistas charr\u00faas.<\/p>\n<p>Bielsa perdi\u00f3 la calma en la rueda de prensa previa a la final para el tercer y cuarto puesto de la Copa Am\u00e9rica en Charlotte (Carolina del Norte) al comentar la\u00a0trifulca posterior a la segunda semifinal de la\u00a0Copa Am\u00e9rica del mi\u00e9rcoles, perdida por Uruguay contra Colombia, cuando varios jugadores uruguayos, entre ellos Darwin N\u00fa\u00f1ez, Jos\u00e9 Mar\u00eda Gim\u00e9nez y Ronald Ara\u00fajo, saltaron a las gradas y se pelearon con unos hinchas cafeteros.<\/p>\n<p>En su intervenci\u00f3n Bielsa arremeti\u00f3 adem\u00e1s muy duramente contra la Conmebol y acus\u00f3 de contar mentiras sobre el estado de los campos de juego y de entrenamiento en la Copa Am\u00e9rica. Adem\u00e1s, carg\u00f3 contra los medios y cuestion\u00f3 su \u00e9tica a la hora de informar.<\/p>\n<p>La rueda de prensa dur\u00f3 m\u00e1s de cuarenta minutos y apenas hubo tres preguntas.<\/p>\n<p>\u201cEl motivo que provoca la reacci\u00f3n es parte de la interpretaci\u00f3n que se hace de la reacci\u00f3n que se est\u00e1 evaluando. C\u00f3mo puede alguien preguntar si tengo temor por las sanciones, cuando la \u00fanica l\u00f3gica que impera es una madre de familia con beb\u00e9 en sus brazos, mujeres, esposas, madres, agredidas por los espectadores\u201d, dijo Bielsa.<\/p>\n<p>\u201cSi usted no ve que hay un proceso para que eso que sucedi\u00f3 no suceda, no hubo puerta de escape, y las dos cosas no ocurren\u2026 Est\u00e1n agrediendo a su beb\u00e9, a su madre, a su esposa. La pregunta tambi\u00e9n act\u00faa de manera c\u00f3mplice, todo esto no lo tengo que decir yo. Cuando hay un acto desproporcionado, violento, por supuesto que qui\u00e9n va a estar a favor de una reacci\u00f3n violenta, pero lo primero es ver a qu\u00e9 corresponde la reacci\u00f3n\u201d, a\u00f1adi\u00f3.<\/p>\n<p>Bielsa dijo que lo \u00fanico que le importa es que \u201chaya un procedimiento para que no suceda, y que si sucede, que haya un procedimiento para que haya una puerta de escape\u201d.<\/p>\n<p>Arremeti\u00f3 contra los medios y dijo que hay un porcentaje de ellos que \u201cno dice lo que deben\u201d y carg\u00f3 contra \u201cel porcentaje que se calla\u201d en la Copa Am\u00e9rica.<\/p>\n<p>Su comparecencia fue marcada por intensos intercambio de opiniones con varios periodistas uruguayos presentes en la sala de prensa. Uno de ellos se fue tras las acusaciones del seleccionador.<\/p>\n<p>\u201cEsto merece un solo trato. No es preguntar si me temo a las consecuencias, la pregunta correcta es si le pidieron disculpas a los jugadores. Prevenci\u00f3n, estamos en Estados Unidos, el pa\u00eds entre comillas de la seguridad. Luego, si la prevenci\u00f3n falla, hab\u00eda un recurso, la puerta de escape. Y me hablan de sanciones. Lo que los libera (a los jugadores) es que no tuvieron otra opci\u00f3n que reaccionar as\u00ed\u201d, dijo.<\/p>\n","protected":false},"excerpt":{"rendered":"<p>Charlotte.- El t\u00e9cnico argentino Marcelo Bielsa, actual seleccionador de Uruguay, fue muy fuerte y contundente contra los servicios de seguridad del estadio de Charlotte quienes no aplicaron los diferentes protocolos de protecci\u00f3n de los familiares de los futbolistas asegurando que la organizaci\u00f3n deber\u00eda \u201cpedir disculpas\u201d por lo acontecido en vez de buscar culpables entre los [&hellip;]<\/p>\n","protected":false},"author":2,"featured_media":16371,"comment_status":"open","ping_status":"closed","sticky":false,"template":"","format":"standard","meta":{"_jetpack_memberships_contains_paid_content":false,"footnotes":""},"categories":[29],"tags":[1233],"class_list":["post-16370","post","type-post","status-publish","format-standard","has-post-thumbnail","hentry","category-copa-america-2024","tag-copa-america-2024"],"jetpack_featured_media_url":"https:\/\/radiocresatelital.com\/wp-content\/uploads\/2024\/07\/b8vN2g4Zc_600x290__1.jpg","jetpack_sharing_enabled":true,"_links":{"self":[{"href":"https:\/\/radiocresatelital.com\/index.php?rest_route=\/wp\/v2\/posts\/16370","targetHints":{"allow":["GET"]}}],"collection":[{"href":"https:\/\/radiocresatelital.com\/index.php?rest_route=\/wp\/v2\/posts"}],"about":[{"href":"https:\/\/radiocresatelital.com\/index.php?rest_route=\/wp\/v2\/types\/post"}],"author":[{"embeddable":true,"href":"https:\/\/radiocresatelital.com\/index.php?rest_route=\/wp\/v2\/users\/2"}],"replies":[{"embeddable":true,"href":"https:\/\/radiocresatelital.com\/index.php?rest_route=%2Fwp%2Fv2%2Fcomments&post=16370"}],"version-history":[{"count":1,"href":"https:\/\/radiocresatelital.com\/index.php?rest_route=\/wp\/v2\/posts\/16370\/revisions"}],"predecessor-version":[{"id":16372,"href":"https:\/\/radiocresatelital.com\/index.php?rest_route=\/wp\/v2\/posts\/16370\/revisions\/16372"}],"wp:featuredmedia":[{"embeddable":true,"href":"https:\/\/radiocresatelital.com\/index.php?rest_route=\/wp\/v2\/media\/16371"}],"wp:attachment":[{"href":"https:\/\/radiocresatelital.com\/index.php?rest_route=%2Fwp%2Fv2%2Fmedia&parent=16370"}],"wp:term":[{"taxonomy":"category","embeddable":true,"href":"https:\/\/radiocresatelital.com\/index.php?rest_route=%2Fwp%2Fv2%2Fcategories&post=16370"},{"taxonomy":"post_tag","embeddable":true,"href":"https:\/\/radiocresatelital.com\/index.php?rest_route=%2Fwp%2Fv2%2Ftags&post=16370"}],"curies":[{"name":"wp","href":"https:\/\/api.w.org\/{rel}","templated":true}]}}