{"id":16358,"date":"2024-07-12T20:28:22","date_gmt":"2024-07-12T20:28:22","guid":{"rendered":"https:\/\/radiocresatelital.com\/?p=16358"},"modified":"2024-07-12T20:28:22","modified_gmt":"2024-07-12T20:28:22","slug":"msp-dicto-taller-de-salud-mental-dirigido-a-instituciones-de-educacion-superior","status":"publish","type":"post","link":"https:\/\/radiocresatelital.com\/?p=16358","title":{"rendered":"MSP dict\u00f3 taller de Salud Mental dirigido a instituciones de Educaci\u00f3n Superior"},"content":{"rendered":"<p>Loja.- Funcionarios de 33 universidades del pa\u00eds participaron en el taller denominado \u2018Cuidado y Autocuidado de la Salud Mental en las instituciones de Educaci\u00f3n Superior\u2019. Actividad organizada por el Ministerio de Salud P\u00fablica (MSP), a trav\u00e9s de la Coordinaci\u00f3n Zonal 7, en Loja.<\/p>\n<p>El evento se enmarca en la Ley Org\u00e1nica de Salud Mental, misma que tiene por objeto establecer un marco legal que promueva, regule y garantice el pleno ejercicio del derecho a la salud mental de las personas en todo su ciclo de vida, bajo un modelo de atenci\u00f3n integral y comunitario.<\/p>\n<p>Jorge Bucaram, director de Fortalecimiento de la Carrera Sanitaria del MSP, manifest\u00f3 que, \u201clas unidades asistenciales tienen una triple misi\u00f3n: apoyo, docencia e investigaci\u00f3n. Ninguna de ellas est\u00e1 apartada de la academia\u201d, enfatiz\u00f3.<\/p>\n<p>El objetivo del evento es establecer la prevenci\u00f3n integral como eje de la pol\u00edtica de salud mental con participaci\u00f3n intersectorial, de las personas naturales y jur\u00eddicas; de derecho p\u00fablico o privado; familia y comunidad.<\/p>\n<p>Esta direcci\u00f3n nacional ha capacitado mediante mesas t\u00e9cnicas y proyectos a varias universidades para fomentar el bienestar mental, prevenir los trastornos mentales, proporcionar atenci\u00f3n integral, promover la recuperaci\u00f3n y garantizar el ejercicio pleno de los derechos humanos.<\/p>\n<p>El conferencista del evento fue Gabriel Ordo\u00f1ez Guzm\u00e1n, director nacional de la estrategia de prevenci\u00f3n y control de enfermedades cr\u00f3nicas no transmisibles, salud mental y fen\u00f3menos socioecon\u00f3mico de las drogas del MSP.<\/p>\n<p>En esta actividad participaron tambi\u00e9n el Coordinador Zonal 7, Jos\u00e9 Procel; el rector de la Universidad T\u00e9cnica de Machala, Jhonny P\u00e9rez; la coordinadora Zonal 6, Dayana Clavijo, entre otras autoridades.<\/p>\n","protected":false},"excerpt":{"rendered":"<p>Loja.- Funcionarios de 33 universidades del pa\u00eds participaron en el taller denominado \u2018Cuidado y Autocuidado de la Salud Mental en las instituciones de Educaci\u00f3n Superior\u2019. Actividad organizada por el Ministerio de Salud P\u00fablica (MSP), a trav\u00e9s de la Coordinaci\u00f3n Zonal 7, en Loja. El evento se enmarca en la Ley Org\u00e1nica de Salud Mental, misma [&hellip;]<\/p>\n","protected":false},"author":2,"featured_media":16359,"comment_status":"open","ping_status":"closed","sticky":false,"template":"","format":"standard","meta":{"_jetpack_memberships_contains_paid_content":false,"footnotes":""},"categories":[13],"tags":[148],"class_list":["post-16358","post","type-post","status-publish","format-standard","has-post-thumbnail","hentry","category-noticias-nacionales","tag-ministerio-de-salud-publica"],"jetpack_featured_media_url":"https:\/\/radiocresatelital.com\/wp-content\/uploads\/2024\/07\/WhatsApp-Image-2024-07-12-at-15.26.33.jpeg","jetpack_sharing_enabled":true,"_links":{"self":[{"href":"https:\/\/radiocresatelital.com\/index.php?rest_route=\/wp\/v2\/posts\/16358","targetHints":{"allow":["GET"]}}],"collection":[{"href":"https:\/\/radiocresatelital.com\/index.php?rest_route=\/wp\/v2\/posts"}],"about":[{"href":"https:\/\/radiocresatelital.com\/index.php?rest_route=\/wp\/v2\/types\/post"}],"author":[{"embeddable":true,"href":"https:\/\/radiocresatelital.com\/index.php?rest_route=\/wp\/v2\/users\/2"}],"replies":[{"embeddable":true,"href":"https:\/\/radiocresatelital.com\/index.php?rest_route=%2Fwp%2Fv2%2Fcomments&post=16358"}],"version-history":[{"count":1,"href":"https:\/\/radiocresatelital.com\/index.php?rest_route=\/wp\/v2\/posts\/16358\/revisions"}],"predecessor-version":[{"id":16360,"href":"https:\/\/radiocresatelital.com\/index.php?rest_route=\/wp\/v2\/posts\/16358\/revisions\/16360"}],"wp:featuredmedia":[{"embeddable":true,"href":"https:\/\/radiocresatelital.com\/index.php?rest_route=\/wp\/v2\/media\/16359"}],"wp:attachment":[{"href":"https:\/\/radiocresatelital.com\/index.php?rest_route=%2Fwp%2Fv2%2Fmedia&parent=16358"}],"wp:term":[{"taxonomy":"category","embeddable":true,"href":"https:\/\/radiocresatelital.com\/index.php?rest_route=%2Fwp%2Fv2%2Fcategories&post=16358"},{"taxonomy":"post_tag","embeddable":true,"href":"https:\/\/radiocresatelital.com\/index.php?rest_route=%2Fwp%2Fv2%2Ftags&post=16358"}],"curies":[{"name":"wp","href":"https:\/\/api.w.org\/{rel}","templated":true}]}}