{"id":16349,"date":"2024-07-12T20:12:43","date_gmt":"2024-07-12T20:12:43","guid":{"rendered":"https:\/\/radiocresatelital.com\/?p=16349"},"modified":"2024-07-12T20:12:43","modified_gmt":"2024-07-12T20:12:43","slug":"reforzamos-los-operativos-de-control-en-las-vias-del-guayas-junto-a-la-policia-nacional-y-las-fuerzas-armadas","status":"publish","type":"post","link":"https:\/\/radiocresatelital.com\/?p=16349","title":{"rendered":"Reforzamos los operativos de control en las v\u00edas del Guayas junto a la Polic\u00eda Nacional y las Fuerzas Armadas"},"content":{"rendered":"<p><span style=\"font-weight: 400;\">Guayaquil.- Los actos delictivos que atentan contra la seguridad de transportistas y conductores en las v\u00edas de la provincia es algo que preocupa a la prefecta del Guayas, Marcela Agui\u00f1aga, quien ha dado muestras de su objetivo por erradicarla. Su postura ha sido contundente y reflejada en m\u00faltiples intervenciones: Se actuar\u00e1 con mayor fuerza. Y se ha cumplido, reforzando los operativos de control con la Polic\u00eda Nacional y las Fuerzas Armadas, en el d\u00eda y la noche.<\/span><\/p>\n<p><span style=\"font-weight: 400;\">Las acciones tomadas en relaci\u00f3n a los ejes preventivos y reactivos se traducen en el establecimiento de las 30 Escuelas de F\u00fatbol y Ajedrez para ocupar el tiempo de ni\u00f1os, ni\u00f1as y j\u00f3venes; ejecuci\u00f3n de programas deportivos, de arte y cultura; la dotaci\u00f3n de camionetas para que los miembros de las Fuerzas del Orden puedan trasladarse con mayor eficacia, la entrega de los Puntos de Control y Seguridad Vial en los peajes de las v\u00edas concesionadas con c\u00e1maras, dos camionetas adicionales para las Patrullas de Camino equipadas para la seguridad en las carreteras de la provincia.<\/span><\/p>\n<p><span style=\"font-weight: 400;\">A ello se suma la conformaci\u00f3n de la Mesa de Seguridad, donde se intercambian aportes interinstitucionales, apoyo permanente al Escuadr\u00f3n Vial de la Polic\u00eda Nacional, revisi\u00f3n de nuevas tecnolog\u00edas con drones para resguardar los ejes viales y el acompa\u00f1amiento constante al Grupo de Prevenci\u00f3n del Delito, que realiza los operativos diurnos y nocturnos en los puntos cr\u00edticos identificados en Guayas y que ya han dado resultados positivos:<\/span><\/p>\n<p><span style=\"font-weight: 400;\">Seg\u00fan cifras de la Polic\u00eda Nacional, a partir del apoyo log\u00edstico que brind\u00f3 la Prefectura y se conform\u00f3 el Grupo de Prevenci\u00f3n del Delito en la Subzona Guayas #9 en mayo de este a\u00f1o, se han ejecutado 318 operativos ordinarios, 3 extraordinarios, 2 conjuntos (con FF.AA), 5 mega operativos y 6 de control de armas, municiones y explosivos. Se han registrado a m\u00e1s de 6.155 personas, 5.762 veh\u00edculos y 219 motos. Contamos con 29 detenidos y 1 banda desarticulada. Tambi\u00e9n se ha logrado recuperar 1 veh\u00edculo y 11 motos, la retenci\u00f3n de 15 motos y 2 veh\u00edculos y el decomiso de 10 armas de fuego, 106 municiones y 164 armas blancas.\u00a0<\/span><\/p>\n<p><span style=\"font-weight: 400;\">Adem\u00e1s, nuestro apoyo y colaboraci\u00f3n han sido reconocidos por ex miembros de alto rango de la Polic\u00eda Nacional, como el General Fausto Salinas, quien destac\u00f3 durante una entrevista en un medio de televisi\u00f3n nacional la participaci\u00f3n de la Prefectura del Guayas en pro de la seguridad ciudadana. \u201cPor ejemplo, en Guayaquil, la Prefectura del Guayas ya inici\u00f3 un plan donde se van a establecer algunos controles fijos y m\u00f3viles que se van a implementar con una infraestructura y capacidad tecnol\u00f3gica que necesita el pa\u00eds\u201d, dijo.<\/span><\/p>\n<p><span style=\"font-weight: 400;\">El ataque a buses de transporte en la v\u00eda El Triunfo-Bucay propici\u00f3 que la Prefecta Agui\u00f1aga solicite el reforzamiento de controles en este tramo. Es por eso que, durante esta semana, realizamos el acompa\u00f1amiento en operativos nocturnos en diferentes puntos de estos cantones, junto a la Polic\u00eda Nacional y Fuerzas Armadas. \u201cVenimos realiz\u00e1ndolos tres meses atr\u00e1s, enfocados en contrarrestar delitos como robos a buses, camiones, secuestros. Este tipo de operativos nos ayuda al impacto visual para la ciudadan\u00eda y para las organizaciones que se encuentran delinquiendo en este sector (El Triunfo), colaborarnos entre instituciones y brindar la seguridad que la ciudadan\u00eda necesita\u201d, destac\u00f3 el Teniente J\u00e9fferson Valarezo.<\/span><\/p>\n<p><span style=\"font-weight: 400;\">Fabi\u00e1n Calder\u00f3n, conductor de la l\u00ednea de Transporte Patria, expres\u00f3 su agradecimiento por la ejecuci\u00f3n de estas acciones en las carreteras. \u201cNos brinda seguridad, porque en esta parte, en esta hora de la noche, es peligroso, botado y desolado. La presencia de los polic\u00edas es una alerta. Este control me parece excelente, imag\u00ednese que alguien (delincuente) de aqu\u00ed est\u00e9 viajando y ah\u00ed ya se detecta, se para y se frena. Es una buena protecci\u00f3n la que nos est\u00e1 dando la Polic\u00eda en estos momentos. Excelente que la Prefectura tambi\u00e9n intervenga en esto porque es aqu\u00ed la provincia del Guayas, hay m\u00e1s seguridad y m\u00e1s tranquilidad la parte del transporte interprovincial\u201d, reiter\u00f3.<\/span><\/p>\n","protected":false},"excerpt":{"rendered":"<p>Guayaquil.- Los actos delictivos que atentan contra la seguridad de transportistas y conductores en las v\u00edas de la provincia es algo que preocupa a la prefecta del Guayas, Marcela Agui\u00f1aga, quien ha dado muestras de su objetivo por erradicarla. Su postura ha sido contundente y reflejada en m\u00faltiples intervenciones: Se actuar\u00e1 con mayor fuerza. Y [&hellip;]<\/p>\n","protected":false},"author":2,"featured_media":16350,"comment_status":"open","ping_status":"closed","sticky":false,"template":"","format":"standard","meta":{"_jetpack_memberships_contains_paid_content":false,"footnotes":""},"categories":[1],"tags":[248,415],"class_list":["post-16349","post","type-post","status-publish","format-standard","has-post-thumbnail","hentry","category-publicidad","tag-marcela-aguinaga","tag-prefectura-ciudadana-del-guayas"],"jetpack_featured_media_url":"https:\/\/radiocresatelital.com\/wp-content\/uploads\/2024\/07\/20240710000349_IMG_2094.jpg","jetpack_sharing_enabled":true,"_links":{"self":[{"href":"https:\/\/radiocresatelital.com\/index.php?rest_route=\/wp\/v2\/posts\/16349","targetHints":{"allow":["GET"]}}],"collection":[{"href":"https:\/\/radiocresatelital.com\/index.php?rest_route=\/wp\/v2\/posts"}],"about":[{"href":"https:\/\/radiocresatelital.com\/index.php?rest_route=\/wp\/v2\/types\/post"}],"author":[{"embeddable":true,"href":"https:\/\/radiocresatelital.com\/index.php?rest_route=\/wp\/v2\/users\/2"}],"replies":[{"embeddable":true,"href":"https:\/\/radiocresatelital.com\/index.php?rest_route=%2Fwp%2Fv2%2Fcomments&post=16349"}],"version-history":[{"count":1,"href":"https:\/\/radiocresatelital.com\/index.php?rest_route=\/wp\/v2\/posts\/16349\/revisions"}],"predecessor-version":[{"id":16351,"href":"https:\/\/radiocresatelital.com\/index.php?rest_route=\/wp\/v2\/posts\/16349\/revisions\/16351"}],"wp:featuredmedia":[{"embeddable":true,"href":"https:\/\/radiocresatelital.com\/index.php?rest_route=\/wp\/v2\/media\/16350"}],"wp:attachment":[{"href":"https:\/\/radiocresatelital.com\/index.php?rest_route=%2Fwp%2Fv2%2Fmedia&parent=16349"}],"wp:term":[{"taxonomy":"category","embeddable":true,"href":"https:\/\/radiocresatelital.com\/index.php?rest_route=%2Fwp%2Fv2%2Fcategories&post=16349"},{"taxonomy":"post_tag","embeddable":true,"href":"https:\/\/radiocresatelital.com\/index.php?rest_route=%2Fwp%2Fv2%2Ftags&post=16349"}],"curies":[{"name":"wp","href":"https:\/\/api.w.org\/{rel}","templated":true}]}}