{"id":1634,"date":"2023-07-28T17:29:36","date_gmt":"2023-07-28T17:29:36","guid":{"rendered":"https:\/\/radiocresatelital.com\/?p=1634"},"modified":"2023-07-28T17:29:36","modified_gmt":"2023-07-28T17:29:36","slug":"casa-abierta-difunde-los-servicios-del-hospital-bicentenario","status":"publish","type":"post","link":"https:\/\/radiocresatelital.com\/?p=1634","title":{"rendered":"Casa Abierta difunde los servicios del Hospital Bicentenario"},"content":{"rendered":"<p>Guayaquil.- En el Hospital Bicentenario se realiz\u00f3 una casa abierta para dar a conocer todos los servicios que brinda la casa de salud a la ciudadan\u00eda de forma gratuita.<\/p>\n<p>Todas las unidades m\u00e9dicas y especialidades participaron en la feria, como Pediatr\u00eda, Por Un Futuro Sin Drogas, Medicina interna, Nutrici\u00f3n, Infectolog\u00eda y Terapia Respiratoria.<\/p>\n<p>El Hospital cuenta tambi\u00e9n con la unidad de salud mental y emocional, adem\u00e1s del departamento de im\u00e1genes. Juan Carlos Alc\u00edvar, director de Salud e Higiene, explic\u00f3 que \u201ccontamos con una red en diferentes puntos de la ciudad, con unidades m\u00f3viles que se van cambiando cada dos meses\u201d.<\/p>\n<p>Estas ferias se realizar\u00e1n de forma peri\u00f3dica para difundir los servicios entre la poblaci\u00f3n.<\/p>\n<p>Sonia Lupera lleg\u00f3 desde el sur de Guayaquil al Hospital Bicentenario. \u201cEs la primera vez que vengo ac\u00e1 y esto es muy beneficioso para quienes no estamos afiliados y somos de bajos recursos. Vendr\u00e9 hasta aqu\u00ed hacerme atender\u201d.<\/p>\n<p>El hospital funciona de 8:00 a 16:00, de lunes a viernes. Se atiende a los pacientes conforme van llegado, pero en la tarde se puede agendar citas para el d\u00eda siguiente. Hay atenci\u00f3n para casos de emergencia, las 24 horas de d\u00eda.<\/p>\n<p>La casa de salud est\u00e1 ubicada en Pedro Pablo G\u00f3mez y 6 de Marzo, en el centro de la ciudad.<\/p>\n","protected":false},"excerpt":{"rendered":"<p>Guayaquil.- En el Hospital Bicentenario se realiz\u00f3 una casa abierta para dar a conocer todos los servicios que brinda la casa de salud a la ciudadan\u00eda de forma gratuita. Todas las unidades m\u00e9dicas y especialidades participaron en la feria, como Pediatr\u00eda, Por Un Futuro Sin Drogas, Medicina interna, Nutrici\u00f3n, Infectolog\u00eda y Terapia Respiratoria. El Hospital [&hellip;]<\/p>\n","protected":false},"author":2,"featured_media":1173,"comment_status":"open","ping_status":"closed","sticky":false,"template":"","format":"standard","meta":{"_jetpack_memberships_contains_paid_content":false,"footnotes":""},"categories":[33,13],"tags":[281],"class_list":["post-1634","post","type-post","status-publish","format-standard","has-post-thumbnail","hentry","category-guayaquil","category-noticias-nacionales","tag-hospital-bicentenario"],"jetpack_featured_media_url":"https:\/\/radiocresatelital.com\/wp-content\/uploads\/2023\/07\/HOSPITALO-BICENTENARIO-1.jpeg","jetpack_sharing_enabled":true,"_links":{"self":[{"href":"https:\/\/radiocresatelital.com\/index.php?rest_route=\/wp\/v2\/posts\/1634","targetHints":{"allow":["GET"]}}],"collection":[{"href":"https:\/\/radiocresatelital.com\/index.php?rest_route=\/wp\/v2\/posts"}],"about":[{"href":"https:\/\/radiocresatelital.com\/index.php?rest_route=\/wp\/v2\/types\/post"}],"author":[{"embeddable":true,"href":"https:\/\/radiocresatelital.com\/index.php?rest_route=\/wp\/v2\/users\/2"}],"replies":[{"embeddable":true,"href":"https:\/\/radiocresatelital.com\/index.php?rest_route=%2Fwp%2Fv2%2Fcomments&post=1634"}],"version-history":[{"count":1,"href":"https:\/\/radiocresatelital.com\/index.php?rest_route=\/wp\/v2\/posts\/1634\/revisions"}],"predecessor-version":[{"id":1635,"href":"https:\/\/radiocresatelital.com\/index.php?rest_route=\/wp\/v2\/posts\/1634\/revisions\/1635"}],"wp:featuredmedia":[{"embeddable":true,"href":"https:\/\/radiocresatelital.com\/index.php?rest_route=\/wp\/v2\/media\/1173"}],"wp:attachment":[{"href":"https:\/\/radiocresatelital.com\/index.php?rest_route=%2Fwp%2Fv2%2Fmedia&parent=1634"}],"wp:term":[{"taxonomy":"category","embeddable":true,"href":"https:\/\/radiocresatelital.com\/index.php?rest_route=%2Fwp%2Fv2%2Fcategories&post=1634"},{"taxonomy":"post_tag","embeddable":true,"href":"https:\/\/radiocresatelital.com\/index.php?rest_route=%2Fwp%2Fv2%2Ftags&post=1634"}],"curies":[{"name":"wp","href":"https:\/\/api.w.org\/{rel}","templated":true}]}}