{"id":16294,"date":"2024-07-11T20:22:02","date_gmt":"2024-07-11T20:22:02","guid":{"rendered":"https:\/\/radiocresatelital.com\/?p=16294"},"modified":"2024-07-11T20:22:02","modified_gmt":"2024-07-11T20:22:02","slug":"inicia-el-proceso-de-matriculas-y-traslados-para-el-ano-escolar-2024-2025-del-regimen-sierra-amazonia","status":"publish","type":"post","link":"https:\/\/radiocresatelital.com\/?p=16294","title":{"rendered":"Inicia el proceso de matr\u00edculas y traslados para el a\u00f1o escolar 2024-2025 del r\u00e9gimen Sierra \u2013 Amazon\u00eda"},"content":{"rendered":"<p>El Ministerio de Educaci\u00f3n informa a la ciudadan\u00eda el inicio del proceso de matr\u00edculas ordinarias y traslados de estudiantes en instituciones educativas fiscales para el r\u00e9gimen Sierra \u2013 Amazon\u00eda 2024-2025, de acuerdo con el siguiente cronograma:<\/p>\n<p><img decoding=\"async\" src=\"https:\/\/educacion.gob.ec\/wp-content\/uploads\/2024\/07\/cronograma-general-sierra-amazo-2024-2025-1.png\" \/><\/p>\n<p>El aplicativo de matr\u00edculas y traslados cuenta con\u00a0nuevos filtros de seguridad\u00a0para proteger la informaci\u00f3n personal de los estudiantes.<\/p>\n<p>Los padres, madres o representantes podr\u00e1n matricular o trasladar a los estudiantes conforme a la disponibilidad de la oferta educativa, ubicaci\u00f3n de referencia y preferencia de la familia a trav\u00e9s de la p\u00e1gina web:\u00a0<a href=\"http:\/\/juntos.educacion.gob.ec\/\" target=\"_blank\" rel=\"noopener\">juntos.educacion.gob.ec<\/a>.<\/p>\n<p>La opci\u00f3n de consulta en l\u00ednea se encuentra habilitada de manera permanente, para que la familia conozca la instituci\u00f3n educativa fiscal en la que se encuentra matriculado su representado.<\/p>\n<p>Adem\u00e1s, la ciudadan\u00eda contar\u00e1 con operadores telef\u00f3nicos en todas las direcciones distritales para atender sus consultas, asegurando el acceso a la educaci\u00f3n y continuidad de los ni\u00f1os, ni\u00f1as y j\u00f3venes en el sistema educativo.<\/p>\n<p>El Ministerio de Educaci\u00f3n garantiza el derecho a la educaci\u00f3n gratuita y de calidad.\u00a0 Inf\u00f3rmate a trav\u00e9s de nuestros canales oficiales.<\/p>\n","protected":false},"excerpt":{"rendered":"<p>El Ministerio de Educaci\u00f3n informa a la ciudadan\u00eda el inicio del proceso de matr\u00edculas ordinarias y traslados de estudiantes en instituciones educativas fiscales para el r\u00e9gimen Sierra \u2013 Amazon\u00eda 2024-2025, de acuerdo con el siguiente cronograma: El aplicativo de matr\u00edculas y traslados cuenta con\u00a0nuevos filtros de seguridad\u00a0para proteger la informaci\u00f3n personal de los estudiantes. Los [&hellip;]<\/p>\n","protected":false},"author":2,"featured_media":16295,"comment_status":"open","ping_status":"closed","sticky":false,"template":"","format":"standard","meta":{"_jetpack_memberships_contains_paid_content":false,"footnotes":""},"categories":[13],"tags":[444],"class_list":["post-16294","post","type-post","status-publish","format-standard","has-post-thumbnail","hentry","category-noticias-nacionales","tag-ministerio-de-educacion"],"jetpack_featured_media_url":"https:\/\/radiocresatelital.com\/wp-content\/uploads\/2024\/07\/matriculas-1024x683-1.jpg","jetpack_sharing_enabled":true,"_links":{"self":[{"href":"https:\/\/radiocresatelital.com\/index.php?rest_route=\/wp\/v2\/posts\/16294","targetHints":{"allow":["GET"]}}],"collection":[{"href":"https:\/\/radiocresatelital.com\/index.php?rest_route=\/wp\/v2\/posts"}],"about":[{"href":"https:\/\/radiocresatelital.com\/index.php?rest_route=\/wp\/v2\/types\/post"}],"author":[{"embeddable":true,"href":"https:\/\/radiocresatelital.com\/index.php?rest_route=\/wp\/v2\/users\/2"}],"replies":[{"embeddable":true,"href":"https:\/\/radiocresatelital.com\/index.php?rest_route=%2Fwp%2Fv2%2Fcomments&post=16294"}],"version-history":[{"count":1,"href":"https:\/\/radiocresatelital.com\/index.php?rest_route=\/wp\/v2\/posts\/16294\/revisions"}],"predecessor-version":[{"id":16296,"href":"https:\/\/radiocresatelital.com\/index.php?rest_route=\/wp\/v2\/posts\/16294\/revisions\/16296"}],"wp:featuredmedia":[{"embeddable":true,"href":"https:\/\/radiocresatelital.com\/index.php?rest_route=\/wp\/v2\/media\/16295"}],"wp:attachment":[{"href":"https:\/\/radiocresatelital.com\/index.php?rest_route=%2Fwp%2Fv2%2Fmedia&parent=16294"}],"wp:term":[{"taxonomy":"category","embeddable":true,"href":"https:\/\/radiocresatelital.com\/index.php?rest_route=%2Fwp%2Fv2%2Fcategories&post=16294"},{"taxonomy":"post_tag","embeddable":true,"href":"https:\/\/radiocresatelital.com\/index.php?rest_route=%2Fwp%2Fv2%2Ftags&post=16294"}],"curies":[{"name":"wp","href":"https:\/\/api.w.org\/{rel}","templated":true}]}}