{"id":16273,"date":"2024-07-11T18:47:57","date_gmt":"2024-07-11T18:47:57","guid":{"rendered":"https:\/\/radiocresatelital.com\/?p=16273"},"modified":"2024-07-11T18:47:57","modified_gmt":"2024-07-11T18:47:57","slug":"federacion-de-futbol-de-los-estados-unidos-destituye-el-tecnico-de-la-seleccion","status":"publish","type":"post","link":"https:\/\/radiocresatelital.com\/?p=16273","title":{"rendered":"Federaci\u00f3n de F\u00fatbol de los Estados Unidos destituye el t\u00e9cnico de la Selecci\u00f3n"},"content":{"rendered":"<p>Nueva York.- Gregg Berhalter ha sido destituido como t\u00e9cnico de la selecci\u00f3n masculina de f\u00fatbol de Estados Unidos luego de\u00a0 que quedara eliminada en la fase de grupos de la Copa Am\u00e9rica 2024 celebrada en este pa\u00eds.<\/p>\n<p>Lo anunci\u00f3 la Federaci\u00f3n de F\u00fatbol de los Estados Unidos (US Soccer), la cual inform\u00f3 que el despido de Berhalter es \u00abcon efecto inmediato\u00bb luego la selecci\u00f3n norteamericana finaliz\u00f3 en el tercer puesto del Grupo C de la Copa Am\u00e9rica detr\u00e1s de Uruguay y de Panam\u00e1.<\/p>\n<p>Berhalter, de 50 a\u00f1os, ocupaba el cargo desde junio de 2023, tras un primer mandato de 2018 a finales de 2022.<\/p>\n<p>La US Soccer ya inici\u00f3 la b\u00fasqueda de un entrenador que pueda \u00abmaximizar nuestro potencial mientras nos preparamos para el Mundial de 2026\u00bb, subraya el director deportivo Matt Crocker, citado en el comunicado.<\/p>\n<p>Seg\u00fan la prensa estadounidense y el diario brit\u00e1nico The Independent, la US Soccer contact\u00f3 al alem\u00e1n Jurgen Klopp para ofrecerle el cargo de Berhalter, pero el DT alem\u00e1n, quien renunci\u00f3 en Liverpool al final de la temporada 2023-24, rechaz\u00f3 la propuesta, siempre de acuerdo a esos reportes.<\/p>\n<p>Estados Unidos organizar\u00e1 con Canad\u00e1 y con M\u00e9xico el Mundial de 2026.<\/p>\n","protected":false},"excerpt":{"rendered":"<p>Nueva York.- Gregg Berhalter ha sido destituido como t\u00e9cnico de la selecci\u00f3n masculina de f\u00fatbol de Estados Unidos luego de\u00a0 que quedara eliminada en la fase de grupos de la Copa Am\u00e9rica 2024 celebrada en este pa\u00eds. Lo anunci\u00f3 la Federaci\u00f3n de F\u00fatbol de los Estados Unidos (US Soccer), la cual inform\u00f3 que el despido [&hellip;]<\/p>\n","protected":false},"author":2,"featured_media":16274,"comment_status":"open","ping_status":"closed","sticky":false,"template":"","format":"standard","meta":{"_jetpack_memberships_contains_paid_content":false,"footnotes":""},"categories":[7],"tags":[2632,2633],"class_list":["post-16273","post","type-post","status-publish","format-standard","has-post-thumbnail","hentry","category-futbol-internacional","tag-federacion-de-futbol-de-los-estados-unidos","tag-gregg-berhalter"],"jetpack_featured_media_url":"https:\/\/radiocresatelital.com\/wp-content\/uploads\/2024\/07\/jdnsjkp0nqvrjq3jymdu.png","jetpack_sharing_enabled":true,"_links":{"self":[{"href":"https:\/\/radiocresatelital.com\/index.php?rest_route=\/wp\/v2\/posts\/16273","targetHints":{"allow":["GET"]}}],"collection":[{"href":"https:\/\/radiocresatelital.com\/index.php?rest_route=\/wp\/v2\/posts"}],"about":[{"href":"https:\/\/radiocresatelital.com\/index.php?rest_route=\/wp\/v2\/types\/post"}],"author":[{"embeddable":true,"href":"https:\/\/radiocresatelital.com\/index.php?rest_route=\/wp\/v2\/users\/2"}],"replies":[{"embeddable":true,"href":"https:\/\/radiocresatelital.com\/index.php?rest_route=%2Fwp%2Fv2%2Fcomments&post=16273"}],"version-history":[{"count":1,"href":"https:\/\/radiocresatelital.com\/index.php?rest_route=\/wp\/v2\/posts\/16273\/revisions"}],"predecessor-version":[{"id":16275,"href":"https:\/\/radiocresatelital.com\/index.php?rest_route=\/wp\/v2\/posts\/16273\/revisions\/16275"}],"wp:featuredmedia":[{"embeddable":true,"href":"https:\/\/radiocresatelital.com\/index.php?rest_route=\/wp\/v2\/media\/16274"}],"wp:attachment":[{"href":"https:\/\/radiocresatelital.com\/index.php?rest_route=%2Fwp%2Fv2%2Fmedia&parent=16273"}],"wp:term":[{"taxonomy":"category","embeddable":true,"href":"https:\/\/radiocresatelital.com\/index.php?rest_route=%2Fwp%2Fv2%2Fcategories&post=16273"},{"taxonomy":"post_tag","embeddable":true,"href":"https:\/\/radiocresatelital.com\/index.php?rest_route=%2Fwp%2Fv2%2Ftags&post=16273"}],"curies":[{"name":"wp","href":"https:\/\/api.w.org\/{rel}","templated":true}]}}