{"id":1625,"date":"2023-07-28T16:28:11","date_gmt":"2023-07-28T16:28:11","guid":{"rendered":"https:\/\/radiocresatelital.com\/?p=1625"},"modified":"2023-07-28T16:28:11","modified_gmt":"2023-07-28T16:28:11","slug":"bp_-hospital-de-los-valles-celebra-la-semana-mundial-de-la-lactancia-materna-con-espacios-interactivos-y-de-reflexion","status":"publish","type":"post","link":"https:\/\/radiocresatelital.com\/?p=1625","title":{"rendered":"BP_ Hospital de los Valles celebra la Semana Mundial de la Lactancia Materna con espacios interactivos y de reflexi\u00f3n"},"content":{"rendered":"<p>Quito. &#8211; La Semana Mundial de la Lactancia Materna, que se celebra anualmente en los primeros d\u00edas de agosto, es una campa\u00f1a impulsada por la Organizaci\u00f3n Mundial de la Salud (OMS) y la Alianza Mundial para la Acci\u00f3n de Lactancia Materna (WABA, por sus siglas en ingl\u00e9s). Su objetivo es crear conciencia sobre la importancia de esta pr\u00e1ctica en el desarrollo de los ni\u00f1os durante los primeros a\u00f1os de vida. Este a\u00f1o las organizaciones trabajan bajo la tem\u00e1tica: \u201cAmamantar y trabajar hagamos esto posible&#8230;\u201d<\/p>\n<p>Seg\u00fan datos de la OMS, una lactancia materna prolongada disminuye el riesgo en los infantes de adquirir diabetes tipo 2 en 35%, en un 19% reduce la probabilidad de que adquieran leucemia y en un 60% de morir por s\u00edndrome de muerte s\u00fabita infantil. Por ello la organizaci\u00f3n insta cada a\u00f1o en la importancia de amamantar a los reci\u00e9n nacidos exclusivamente con leche materna.<\/p>\n<p>Conscientes del impacto positivo que tiene la lactancia en el bienestar de los reci\u00e9n nacidos y durante su desarrollo, Hospital de los Valles ha organizado una serie de eventos informativos. Donde m\u00e9dicos expertos abordar\u00e1n con profundidad esta tem\u00e1tica, dando recomendaciones pr\u00e1cticas para una nutrici\u00f3n exitoso en los primeros a\u00f1os de vida de los ni\u00f1os. A continuaci\u00f3n, la agenda de talleres:<\/p>\n<p>1.- Charla sobre la Lactancia Materna<\/p>\n<p>Fecha y hora: mi\u00e9rcoles 2 de agosto a las 12:30<\/p>\n<p>Panelistas: Emilia L\u00f3pez, directora de Mam\u00e1nta y especialista en lactancia materna y la Dra. Ver\u00f3nica Delgado, especialista en Pediatr\u00eda y Neonatolog\u00eda del Hospital de los Valles.<\/p>\n<p>Lugar: Auditorio del Hospital de los Valles (Av. Interoce\u00e1nica Km 12 1\/2 y Florencia, sector Cumbay\u00e1).<\/p>\n<p>2.- Conversatorio mitos y realidades de la Lactancia Materna<\/p>\n<p>Fecha y hora: viernes 4 de agosto a las 08:00<\/p>\n<p>Panelistas: M\u00e9dicos residentes de posgrado en pediatr\u00eda de la Pontificia Universidad Cat\u00f3lica del Ecuador y Personal de Enfermer\u00eda de la Neonatolog\u00eda del Hospital de los Valles.<\/p>\n<p>Lugar: Auditorio del Hospital de los Valles (Av. Interoce\u00e1nica Km 12 1\/2 y Florencia, sector Cumbay\u00e1).<\/p>\n<p>3.- Taller virtual interactivo para la Lactancia Materna exitosa (Actividad Familiar<\/p>\n<p>Masaje Infantil, T\u00e9cnicas de Lactancia, Asesor\u00eda de Lactancia)<\/p>\n<p>Fecha y hora: s\u00e1bado 5 de agosto a las 09:00<\/p>\n<p>Panelistas: Fundaci\u00f3n para el Bienestar y Atenci\u00f3n B\u00e1sica Social (FUNBBASIC) e IBFAN y Hospital de los Valles.<\/p>\n<p>Lugar: Auditorio Hospital de los Valles y trasmisi\u00f3n virtual<\/p>\n<p>Todos los eventos son de acceso gratuito. Los expertos invitados, cuentan con una amplia trayectoria en el \u00e1rea de lactancia materna. Los interesados podr\u00e1n hacer sus consultas y reservas al siguiente correo: ucineo@hospitaldelosvalles.com.<\/p>\n","protected":false},"excerpt":{"rendered":"<p>Quito. &#8211; La Semana Mundial de la Lactancia Materna, que se celebra anualmente en los primeros d\u00edas de agosto, es una campa\u00f1a impulsada por la Organizaci\u00f3n Mundial de la Salud (OMS) y la Alianza Mundial para la Acci\u00f3n de Lactancia Materna (WABA, por sus siglas en ingl\u00e9s). Su objetivo es crear conciencia sobre la importancia [&hellip;]<\/p>\n","protected":false},"author":2,"featured_media":1626,"comment_status":"open","ping_status":"closed","sticky":false,"template":"","format":"standard","meta":{"_jetpack_memberships_contains_paid_content":false,"footnotes":""},"categories":[13],"tags":[385,384],"class_list":["post-1625","post","type-post","status-publish","format-standard","has-post-thumbnail","hentry","category-noticias-nacionales","tag-lactancia-materna","tag-semana-mundial"],"jetpack_featured_media_url":"https:\/\/radiocresatelital.com\/wp-content\/uploads\/2023\/07\/thumbnail_shutterstock_2227169545.jpg","jetpack_sharing_enabled":true,"_links":{"self":[{"href":"https:\/\/radiocresatelital.com\/index.php?rest_route=\/wp\/v2\/posts\/1625","targetHints":{"allow":["GET"]}}],"collection":[{"href":"https:\/\/radiocresatelital.com\/index.php?rest_route=\/wp\/v2\/posts"}],"about":[{"href":"https:\/\/radiocresatelital.com\/index.php?rest_route=\/wp\/v2\/types\/post"}],"author":[{"embeddable":true,"href":"https:\/\/radiocresatelital.com\/index.php?rest_route=\/wp\/v2\/users\/2"}],"replies":[{"embeddable":true,"href":"https:\/\/radiocresatelital.com\/index.php?rest_route=%2Fwp%2Fv2%2Fcomments&post=1625"}],"version-history":[{"count":1,"href":"https:\/\/radiocresatelital.com\/index.php?rest_route=\/wp\/v2\/posts\/1625\/revisions"}],"predecessor-version":[{"id":1627,"href":"https:\/\/radiocresatelital.com\/index.php?rest_route=\/wp\/v2\/posts\/1625\/revisions\/1627"}],"wp:featuredmedia":[{"embeddable":true,"href":"https:\/\/radiocresatelital.com\/index.php?rest_route=\/wp\/v2\/media\/1626"}],"wp:attachment":[{"href":"https:\/\/radiocresatelital.com\/index.php?rest_route=%2Fwp%2Fv2%2Fmedia&parent=1625"}],"wp:term":[{"taxonomy":"category","embeddable":true,"href":"https:\/\/radiocresatelital.com\/index.php?rest_route=%2Fwp%2Fv2%2Fcategories&post=1625"},{"taxonomy":"post_tag","embeddable":true,"href":"https:\/\/radiocresatelital.com\/index.php?rest_route=%2Fwp%2Fv2%2Ftags&post=1625"}],"curies":[{"name":"wp","href":"https:\/\/api.w.org\/{rel}","templated":true}]}}