{"id":16243,"date":"2024-07-10T20:51:14","date_gmt":"2024-07-10T20:51:14","guid":{"rendered":"https:\/\/radiocresatelital.com\/?p=16243"},"modified":"2024-07-10T20:51:14","modified_gmt":"2024-07-10T20:51:14","slug":"alianza-diners-y-unicef-lanza-una-nueva-convocatoria-del-concurso-de-iniciativas-ciudadanas-educa2","status":"publish","type":"post","link":"https:\/\/radiocresatelital.com\/?p=16243","title":{"rendered":"Alianza Diners y UNICEF lanza una nueva convocatoria del Concurso de Iniciativas Ciudadanas \u201c+Educa2\u201d"},"content":{"rendered":"<p>Quito.- El Concurso de Iniciativas Ciudadanas \u201c+Educa2\u201d abre una nueva convocatoria con el objetivo de promover la participaci\u00f3n activa de la ciudadan\u00eda en la educaci\u00f3n de los ni\u00f1os, ni\u00f1as y adolescentes en Ecuador. Esta segunda edici\u00f3n del certamen premiar\u00e1 a tres proyectos educativos enfocados en el uso de tecnolog\u00edas digitales para la ense\u00f1anza, el desarrollo de competencias para el siglo XXI y la creaci\u00f3n de ambientes de aprendizaje inclusivos y equitativos. <strong>La convocatoria estar\u00e1 abierta del 9 de julio al 9 de agosto.<\/strong><strong>\u00a0<\/strong><\/p>\n<p>El concurso, que es parte de la iniciativa Edupasi\u00f3n de la Alianza Diners Club del Ecuador y UNICEF, busca visibilizar el rol fundamental de la sociedad en la construcci\u00f3n de espacios educativos inclusivos que permitan disminuir el abandono escolar. En Ecuador, 263.000<a href=\"#_bookmark0\">1<\/a>\u00a0ni\u00f1os, ni\u00f1as y adolescentes entre 5 y 17 a\u00f1os de edad est\u00e1n fuera del sistema educativo.<\/p>\n<p>Frente a estos desaf\u00edos, iniciativas como \u201c+Educa2\u201d buscan promover el acceso y la retenci\u00f3n de ni\u00f1os, ni\u00f1as y adolescentes en el sistema educativo, as\u00ed como reconocer el trabajo que realizan varias organizaciones sociales para cumplir con este objetivo.<\/p>\n<p>El concurso es implementado por el Instituto Iberoamericano del Patrimonio Natural y Cultural (IPANC) y est\u00e1 dirigido a organizaciones de la sociedad civil tales como colectivos sociales, asociaciones, corporaciones y organizaciones no gubernamentales.<\/p>\n<p>Las organizaciones interesadas pueden revisar las bases del concurso en <a href=\"https:\/\/edupasion.ec\/concurso\/\">https:\/\/edupasion.ec\/concurso<\/a>, y postular su proyecto a partir del 9 de julio. Los participantes podr\u00e1n resolver cualquier duda sobre su postulaci\u00f3n comunic\u00e1ndose al <strong>n\u00famero de WhatsApp 099 865 5899 o al correo electr\u00f3nico <\/strong><a href=\"mailto:info@ipanc.org\"><strong>info@ipanc.org<\/strong><\/a><strong>.<\/strong><strong>\u00a0<\/strong><\/p>\n<p>Se premiar\u00e1n a los tres primeros lugares. El proyecto ganador recibir\u00e1 un incentivo econ\u00f3mico de USD 5.000; el segundo lugar obtendr\u00e1 USD 3.000 y el tercero, USD 2.000. Estos fondos deber\u00e1n ser reinvertidos en la continuidad del proyecto o para impulsar una nueva edici\u00f3n del mismo.<\/p>\n","protected":false},"excerpt":{"rendered":"<p>Quito.- El Concurso de Iniciativas Ciudadanas \u201c+Educa2\u201d abre una nueva convocatoria con el objetivo de promover la participaci\u00f3n activa de la ciudadan\u00eda en la educaci\u00f3n de los ni\u00f1os, ni\u00f1as y adolescentes en Ecuador. Esta segunda edici\u00f3n del certamen premiar\u00e1 a tres proyectos educativos enfocados en el uso de tecnolog\u00edas digitales para la ense\u00f1anza, el desarrollo [&hellip;]<\/p>\n","protected":false},"author":2,"featured_media":16244,"comment_status":"open","ping_status":"closed","sticky":false,"template":"","format":"standard","meta":{"_jetpack_memberships_contains_paid_content":false,"footnotes":""},"categories":[13],"tags":[2626,706],"class_list":["post-16243","post","type-post","status-publish","format-standard","has-post-thumbnail","hentry","category-noticias-nacionales","tag-alianza-diners","tag-unicef"],"jetpack_featured_media_url":"https:\/\/radiocresatelital.com\/wp-content\/uploads\/2024\/07\/WhatsApp-Image-2024-07-10-at-15.45.58.jpeg","jetpack_sharing_enabled":true,"_links":{"self":[{"href":"https:\/\/radiocresatelital.com\/index.php?rest_route=\/wp\/v2\/posts\/16243","targetHints":{"allow":["GET"]}}],"collection":[{"href":"https:\/\/radiocresatelital.com\/index.php?rest_route=\/wp\/v2\/posts"}],"about":[{"href":"https:\/\/radiocresatelital.com\/index.php?rest_route=\/wp\/v2\/types\/post"}],"author":[{"embeddable":true,"href":"https:\/\/radiocresatelital.com\/index.php?rest_route=\/wp\/v2\/users\/2"}],"replies":[{"embeddable":true,"href":"https:\/\/radiocresatelital.com\/index.php?rest_route=%2Fwp%2Fv2%2Fcomments&post=16243"}],"version-history":[{"count":1,"href":"https:\/\/radiocresatelital.com\/index.php?rest_route=\/wp\/v2\/posts\/16243\/revisions"}],"predecessor-version":[{"id":16245,"href":"https:\/\/radiocresatelital.com\/index.php?rest_route=\/wp\/v2\/posts\/16243\/revisions\/16245"}],"wp:featuredmedia":[{"embeddable":true,"href":"https:\/\/radiocresatelital.com\/index.php?rest_route=\/wp\/v2\/media\/16244"}],"wp:attachment":[{"href":"https:\/\/radiocresatelital.com\/index.php?rest_route=%2Fwp%2Fv2%2Fmedia&parent=16243"}],"wp:term":[{"taxonomy":"category","embeddable":true,"href":"https:\/\/radiocresatelital.com\/index.php?rest_route=%2Fwp%2Fv2%2Fcategories&post=16243"},{"taxonomy":"post_tag","embeddable":true,"href":"https:\/\/radiocresatelital.com\/index.php?rest_route=%2Fwp%2Fv2%2Ftags&post=16243"}],"curies":[{"name":"wp","href":"https:\/\/api.w.org\/{rel}","templated":true}]}}