{"id":16226,"date":"2024-07-10T19:08:42","date_gmt":"2024-07-10T19:08:42","guid":{"rendered":"https:\/\/radiocresatelital.com\/?p=16226"},"modified":"2024-07-10T19:08:42","modified_gmt":"2024-07-10T19:08:42","slug":"delantero-aleman-thomas-muller-se-despide-de-la-seleccion-alemana","status":"publish","type":"post","link":"https:\/\/radiocresatelital.com\/?p=16226","title":{"rendered":"Delantero alem\u00e1n Thomas M\u00fcller se despide de la selecci\u00f3n Alemana"},"content":{"rendered":"<p>Berl\u00edn.- El delantero alem\u00e1n Thomas M\u00fcller ha indicado que se despide de la selecci\u00f3n nacional luego de quedar eliminado en cuartos de final de la Eurocopa que alberga este pa\u00eds, informa el diario \u00abBild\u00bb.<\/p>\n<p>El campe\u00f3n mundial en Brasil 2014 seguir\u00e1 jugando al f\u00fatbol hasta el final de su contrato con Bayern Munich, club en el que inici\u00f3 su carrera profesional en 2008.<\/p>\n<p id=\"ob\">Con el equipo b\u00e1varo, M\u00fcller celebr\u00f3 12 t\u00edtulos en la Bundesliga, seis Copas de Alemania, ocho Supercopas nacionales, dos Champions League, dos Mundiales de Clubes y dos Supercopas europeas.<\/p>\n<p>Con la selecci\u00f3n alemana, el delantero disput\u00f3 cuatro Copas del Mundo, la primera de ellas en Sud\u00e1frica 2010, en la que finaliz\u00f3 en el tercer puesto.<\/p>\n<p>En la Eurocopa tambi\u00e9n jug\u00f3 cuatro ediciones con la \u00abMannschaft\u00bb, en dos de las cuales (2012 y 2016) lleg\u00f3 a semifinales, mientras que en la que se celebr\u00f3 en 2021 se despidi\u00f3 en octavos.<\/p>\n<p>En la actual, los anfitriones alemanes quedaron eliminados al caer en tiempo suplementario en cuartos frente a Espa\u00f1a, finalista del torneo que espera por Pa\u00edses Bajos o Inglaterra en la definici\u00f3n.<\/p>\n<p>Esta Eurocopa marc\u00f3 tambi\u00e9n el final de la carrera del mediocampista alem\u00e1n Toni Kroos, ex compa\u00f1ero de M\u00fcller en Bayern Munich que se retir\u00f3 tras celebrar su quinta Champions con Real Madrid, t\u00edtulo que hab\u00eda conquistado por primera vez con el club b\u00e1varo.<\/p>\n","protected":false},"excerpt":{"rendered":"<p>Berl\u00edn.- El delantero alem\u00e1n Thomas M\u00fcller ha indicado que se despide de la selecci\u00f3n nacional luego de quedar eliminado en cuartos de final de la Eurocopa que alberga este pa\u00eds, informa el diario \u00abBild\u00bb. El campe\u00f3n mundial en Brasil 2014 seguir\u00e1 jugando al f\u00fatbol hasta el final de su contrato con Bayern Munich, club en [&hellip;]<\/p>\n","protected":false},"author":2,"featured_media":16227,"comment_status":"open","ping_status":"closed","sticky":false,"template":"","format":"standard","meta":{"_jetpack_memberships_contains_paid_content":false,"footnotes":""},"categories":[1],"tags":[],"class_list":["post-16226","post","type-post","status-publish","format-standard","has-post-thumbnail","hentry","category-publicidad"],"jetpack_featured_media_url":"https:\/\/radiocresatelital.com\/wp-content\/uploads\/2024\/07\/muller-regreso-seleccion-germana-eurocopa.jpg","jetpack_sharing_enabled":true,"_links":{"self":[{"href":"https:\/\/radiocresatelital.com\/index.php?rest_route=\/wp\/v2\/posts\/16226","targetHints":{"allow":["GET"]}}],"collection":[{"href":"https:\/\/radiocresatelital.com\/index.php?rest_route=\/wp\/v2\/posts"}],"about":[{"href":"https:\/\/radiocresatelital.com\/index.php?rest_route=\/wp\/v2\/types\/post"}],"author":[{"embeddable":true,"href":"https:\/\/radiocresatelital.com\/index.php?rest_route=\/wp\/v2\/users\/2"}],"replies":[{"embeddable":true,"href":"https:\/\/radiocresatelital.com\/index.php?rest_route=%2Fwp%2Fv2%2Fcomments&post=16226"}],"version-history":[{"count":1,"href":"https:\/\/radiocresatelital.com\/index.php?rest_route=\/wp\/v2\/posts\/16226\/revisions"}],"predecessor-version":[{"id":16228,"href":"https:\/\/radiocresatelital.com\/index.php?rest_route=\/wp\/v2\/posts\/16226\/revisions\/16228"}],"wp:featuredmedia":[{"embeddable":true,"href":"https:\/\/radiocresatelital.com\/index.php?rest_route=\/wp\/v2\/media\/16227"}],"wp:attachment":[{"href":"https:\/\/radiocresatelital.com\/index.php?rest_route=%2Fwp%2Fv2%2Fmedia&parent=16226"}],"wp:term":[{"taxonomy":"category","embeddable":true,"href":"https:\/\/radiocresatelital.com\/index.php?rest_route=%2Fwp%2Fv2%2Fcategories&post=16226"},{"taxonomy":"post_tag","embeddable":true,"href":"https:\/\/radiocresatelital.com\/index.php?rest_route=%2Fwp%2Fv2%2Ftags&post=16226"}],"curies":[{"name":"wp","href":"https:\/\/api.w.org\/{rel}","templated":true}]}}