{"id":16223,"date":"2024-07-10T18:52:42","date_gmt":"2024-07-10T18:52:42","guid":{"rendered":"https:\/\/radiocresatelital.com\/?p=16223"},"modified":"2024-07-10T18:52:42","modified_gmt":"2024-07-10T18:52:42","slug":"didier-guio-a-este-equipo-de-la-mejor-manera-posible-durante-esta-eurocopa-philippe-diallo","status":"publish","type":"post","link":"https:\/\/radiocresatelital.com\/?p=16223","title":{"rendered":"Didier gui\u00f3 a este equipo de la mejor manera posible durante esta Eurocopa, Philippe Diallo"},"content":{"rendered":"<p>Par\u00eds.- El actual mandatario de la Federaci\u00f3n Francesa de F\u00fatbol (FFF), Philippe Diallo, ha indicado que Didier Deschamps seguir\u00e1 dirigiuendo a los \u00abBleus\u00bb pese a la decepci\u00f3n por la eliminaci\u00f3n en semifinales de la Eurocopa 2024 tras caer por 2-1 con Espa\u00f1a.<\/p>\n<p>\u00abLos resultados son generalmente positivos ya que se logr\u00f3 el objetivo m\u00ednimo prefijado, o sea, las semifinales.\u00a0Didier Deschamps tiene un contrato y logr\u00f3 el objetivo deportivo que se le asign\u00f3\u00bb, afirm\u00f3 Diallo.<\/p>\n<p>\u00abY cuando repasamos su carrera al frente de la selecci\u00f3n francesa, es excepcional.\u00a0Didier gui\u00f3 a este equipo de la mejor manera posible durante esta Eurocopa\u00bb, agreg\u00f3 el presidente de la FFF en di\u00e1logo con el diario L&#8217;Equipe.<\/p>\n<p>Diallo desestim\u00f3 un eventual despido de Deschamps y el consecuente arribo de Zinedine Zidane, actualmente sin equipo tras guiar al Real Madrid entre 2015 y 2021.<\/p>\n<p>\u00abNo hay razones para poner en discusi\u00f3n su contrato\u00bb, insisti\u00f3 Diallo sobre Deschamps, que gui\u00f3 a Francia a ganar el Mundial de Rusia 2018 y la edici\u00f3n 2020-21 de la Nations League, segunda edici\u00f3n del torneo de selecciones de la UEFA.<\/p>\n<p>Deschamps, de 55 a\u00f1os y campe\u00f3n mundial como jugador en 1998 junto con Zidane, asumi\u00f3 como DT de Francia en 2012 y tiene contrato con la FFF hasta despu\u00e9s de la Copa del Mundo 2026 prevista en Estados Unidos, M\u00e9xico y Canad\u00e1.<\/p>\n<p>El pr\u00f3ximo compromiso de la selecci\u00f3n francesa ser\u00e1 el 6 de septiembre, cuando enfrentar\u00e1 a Italia por el Grupo A2 de la cuarta edici\u00f3n de la Nations League.<\/p>\n<p>\u00abLa responsabilidad es m\u00eda, contra un equipo top como Espa\u00f1a debes estar al m\u00e1ximo, pero tal vez en este momento estaba un escal\u00f3n m\u00e1s alto que nosotros\u00bb, analiz\u00f3 Deschamps tras la eliminaci\u00f3n en semifinales de la Eurocopa 2024.<\/p>\n<p>\u00abNo busco excusas, pero cuando comenzamos la preparaci\u00f3n para esta Eurocopa no ten\u00edamos a Aurelien Tchouameni (se hab\u00eda lesionado con Real Madrid, Ndr), y tambi\u00e9n Adrien Rabiot estaba afuera y Dayot Upamecano no estaba en su mejor forma\u00bb, record\u00f3 igualmente Deschamps.<\/p>\n<p>\u00abDesenmascarados\u00bb, t\u00edtulo en tanto el diario franc\u00e9s L&#8217;Equipe tras la derrota de ayer contra Espa\u00f1a aludiendo a la protecci\u00f3n que Kylian Mbapp\u00e9 debi\u00f3 usar en el torneo continental tras sufrir una fractura en su tabique nasal.<\/p>\n<p>El propio Mbapp\u00e9, que termin\u00f3 el partido sin la m\u00e1scara, reconoci\u00f3 haber estado muy lejos de su mejor nivel durante toda la Eurocopa 2024, en la que s\u00f3lo anot\u00f3 un gol, de penal y en el empate 1-1 con Polonia en la tercera fecha del Grupo D.<\/p>\n<p>\u00abOtra vez v\u00edctima de su ineficacia y de la dependencia de Kylian Mbapp\u00e9, Francia perdi\u00f3 en semifinales contra los espa\u00f1oles netamente superiores\u00bb, public\u00f3 en tanto Le Monde.<\/p>\n<p>A su vez, Liberation habla de \u00abFrancia que tir\u00f3 la m\u00e1scara\u00bb, v\u00edctima de una \u00abeliminaci\u00f3n l\u00f3gica, contra un equipo m\u00e1s fuerte, como dijo todo el torneo\u00bb.<\/p>\n<p>Por si parte, Le Parisien refiri\u00f3 un \u00abduro retorno a la tierra\u00bb para la selecci\u00f3n de Francia, que perdi\u00f3 \u00abpese a haber estado en ventaja\u00bb ante \u00abun adversario demasiado fuerte en ataque\u00bb, mientras que Francia se mostr\u00f3 \u00abdemasiado d\u00e9bil en este sector para esperar jugar mejor\u00bb.<\/p>\n<p>En tanto, Le Figaro calific\u00f3 como \u00abespectrales\u00bb las actuaciones de Mbapp\u00e9 y de Antoine Griezmann y destac\u00f3 el malestar de Deschamps cuando fue consultado sobre su futuro.<\/p>\n","protected":false},"excerpt":{"rendered":"<p>Par\u00eds.- El actual mandatario de la Federaci\u00f3n Francesa de F\u00fatbol (FFF), Philippe Diallo, ha indicado que Didier Deschamps seguir\u00e1 dirigiuendo a los \u00abBleus\u00bb pese a la decepci\u00f3n por la eliminaci\u00f3n en semifinales de la Eurocopa 2024 tras caer por 2-1 con Espa\u00f1a. \u00abLos resultados son generalmente positivos ya que se logr\u00f3 el objetivo m\u00ednimo prefijado, [&hellip;]<\/p>\n","protected":false},"author":2,"featured_media":16224,"comment_status":"open","ping_status":"closed","sticky":false,"template":"","format":"standard","meta":{"_jetpack_memberships_contains_paid_content":false,"footnotes":""},"categories":[7],"tags":[2623,2313],"class_list":["post-16223","post","type-post","status-publish","format-standard","has-post-thumbnail","hentry","category-futbol-internacional","tag-philippe-diallo","tag-seleccion-de-francia"],"jetpack_featured_media_url":"https:\/\/radiocresatelital.com\/wp-content\/uploads\/2024\/07\/NENQRVTGTRG5FA7FQDGTGUT4VM.avif","jetpack_sharing_enabled":true,"_links":{"self":[{"href":"https:\/\/radiocresatelital.com\/index.php?rest_route=\/wp\/v2\/posts\/16223","targetHints":{"allow":["GET"]}}],"collection":[{"href":"https:\/\/radiocresatelital.com\/index.php?rest_route=\/wp\/v2\/posts"}],"about":[{"href":"https:\/\/radiocresatelital.com\/index.php?rest_route=\/wp\/v2\/types\/post"}],"author":[{"embeddable":true,"href":"https:\/\/radiocresatelital.com\/index.php?rest_route=\/wp\/v2\/users\/2"}],"replies":[{"embeddable":true,"href":"https:\/\/radiocresatelital.com\/index.php?rest_route=%2Fwp%2Fv2%2Fcomments&post=16223"}],"version-history":[{"count":1,"href":"https:\/\/radiocresatelital.com\/index.php?rest_route=\/wp\/v2\/posts\/16223\/revisions"}],"predecessor-version":[{"id":16225,"href":"https:\/\/radiocresatelital.com\/index.php?rest_route=\/wp\/v2\/posts\/16223\/revisions\/16225"}],"wp:featuredmedia":[{"embeddable":true,"href":"https:\/\/radiocresatelital.com\/index.php?rest_route=\/wp\/v2\/media\/16224"}],"wp:attachment":[{"href":"https:\/\/radiocresatelital.com\/index.php?rest_route=%2Fwp%2Fv2%2Fmedia&parent=16223"}],"wp:term":[{"taxonomy":"category","embeddable":true,"href":"https:\/\/radiocresatelital.com\/index.php?rest_route=%2Fwp%2Fv2%2Fcategories&post=16223"},{"taxonomy":"post_tag","embeddable":true,"href":"https:\/\/radiocresatelital.com\/index.php?rest_route=%2Fwp%2Fv2%2Ftags&post=16223"}],"curies":[{"name":"wp","href":"https:\/\/api.w.org\/{rel}","templated":true}]}}