{"id":16215,"date":"2024-07-10T18:20:04","date_gmt":"2024-07-10T18:20:04","guid":{"rendered":"https:\/\/radiocresatelital.com\/?p=16215"},"modified":"2024-07-10T18:20:04","modified_gmt":"2024-07-10T18:20:04","slug":"real-madrid-presentara-a-kylian-mbappe-el-proximo-martes","status":"publish","type":"post","link":"https:\/\/radiocresatelital.com\/?p=16215","title":{"rendered":"Real Madrid presentar\u00e1 a Kylian Mbapp\u00e9 el pr\u00f3ximo martes"},"content":{"rendered":"<p>Madrid.- Real Madrid, actual campe\u00f3n de la Liga de Espa\u00f1a y de la Champions League en la temporada 2023-24, ha indicado que el pr\u00f3ximo martes 16 presentar\u00e1 formalmente al delantero franc\u00e9s Kylian Mbapp\u00e9 durante un evento previsto en el estadio Santiago Bernab\u00e9u.<\/p>\n<p>Un comunicado del Real Madrid indica que Mbapp\u00e9, de 25 a\u00f1os, ser\u00e1 recibido primero por el presidente del club, Florentino P\u00e9rez, para la firma del contrato que lo vincular\u00e1 a la entidad \u00abmerengue\u00bb por cinco temporadas.<\/p>\n<p id=\"ob\">El delantero franc\u00e9s, campe\u00f3n mundial en Rusia 2018, qued\u00f3 libre del Par\u00eds Saint-Germain y en la v\u00edspera se despidi\u00f3 de la Eurocopa 2024, en cuyas semifinales los \u00abBleus\u00bb perdieron por 2-1 con Espa\u00f1a.<\/p>\n<p>Asimismo, Real Madrid revel\u00f3 que Mbapp\u00e9 utilizar\u00e1 la camiseta con el n\u00famero 9 (que estaba sin uso desde la partida de su compatriota Karim Benzema), mientras que el cuerpo m\u00e9dico del club y el delantero franc\u00e9s definir\u00e1n si ser\u00e1 sometido a una operaci\u00f3n para remediar la fractura de tabique nasal que sufri\u00f3 en la Eurocopa 2024.<\/p>\n","protected":false},"excerpt":{"rendered":"<p>Madrid.- Real Madrid, actual campe\u00f3n de la Liga de Espa\u00f1a y de la Champions League en la temporada 2023-24, ha indicado que el pr\u00f3ximo martes 16 presentar\u00e1 formalmente al delantero franc\u00e9s Kylian Mbapp\u00e9 durante un evento previsto en el estadio Santiago Bernab\u00e9u. Un comunicado del Real Madrid indica que Mbapp\u00e9, de 25 a\u00f1os, ser\u00e1 recibido [&hellip;]<\/p>\n","protected":false},"author":2,"featured_media":16216,"comment_status":"open","ping_status":"closed","sticky":false,"template":"","format":"standard","meta":{"_jetpack_memberships_contains_paid_content":false,"footnotes":""},"categories":[7],"tags":[354,100],"class_list":["post-16215","post","type-post","status-publish","format-standard","has-post-thumbnail","hentry","category-futbol-internacional","tag-kylian-mbappe","tag-real-madrid"],"jetpack_featured_media_url":"https:\/\/radiocresatelital.com\/wp-content\/uploads\/2024\/07\/Kylian-Mbappe-Real-Madrid-1.jpg","jetpack_sharing_enabled":true,"_links":{"self":[{"href":"https:\/\/radiocresatelital.com\/index.php?rest_route=\/wp\/v2\/posts\/16215","targetHints":{"allow":["GET"]}}],"collection":[{"href":"https:\/\/radiocresatelital.com\/index.php?rest_route=\/wp\/v2\/posts"}],"about":[{"href":"https:\/\/radiocresatelital.com\/index.php?rest_route=\/wp\/v2\/types\/post"}],"author":[{"embeddable":true,"href":"https:\/\/radiocresatelital.com\/index.php?rest_route=\/wp\/v2\/users\/2"}],"replies":[{"embeddable":true,"href":"https:\/\/radiocresatelital.com\/index.php?rest_route=%2Fwp%2Fv2%2Fcomments&post=16215"}],"version-history":[{"count":1,"href":"https:\/\/radiocresatelital.com\/index.php?rest_route=\/wp\/v2\/posts\/16215\/revisions"}],"predecessor-version":[{"id":16217,"href":"https:\/\/radiocresatelital.com\/index.php?rest_route=\/wp\/v2\/posts\/16215\/revisions\/16217"}],"wp:featuredmedia":[{"embeddable":true,"href":"https:\/\/radiocresatelital.com\/index.php?rest_route=\/wp\/v2\/media\/16216"}],"wp:attachment":[{"href":"https:\/\/radiocresatelital.com\/index.php?rest_route=%2Fwp%2Fv2%2Fmedia&parent=16215"}],"wp:term":[{"taxonomy":"category","embeddable":true,"href":"https:\/\/radiocresatelital.com\/index.php?rest_route=%2Fwp%2Fv2%2Fcategories&post=16215"},{"taxonomy":"post_tag","embeddable":true,"href":"https:\/\/radiocresatelital.com\/index.php?rest_route=%2Fwp%2Fv2%2Ftags&post=16215"}],"curies":[{"name":"wp","href":"https:\/\/api.w.org\/{rel}","templated":true}]}}