{"id":16203,"date":"2024-07-10T14:30:46","date_gmt":"2024-07-10T14:30:46","guid":{"rendered":"https:\/\/radiocresatelital.com\/?p=16203"},"modified":"2024-07-10T14:30:46","modified_gmt":"2024-07-10T14:30:46","slug":"guayaquil-doblego-a-la-presidencia-de-la-republica-aquiles-alvarez","status":"publish","type":"post","link":"https:\/\/radiocresatelital.com\/?p=16203","title":{"rendered":"Guayaquil dobleg\u00f3 a la Presidencia de la Rep\u00fablica, Aquiles Alvarez"},"content":{"rendered":"<p>Guayaquil.- El Alcalde de Guayaquil, Aquiles Alvarez en enlace radial, dijo que Guayaquil dobleg\u00f3 al Presidente de la Rep\u00fablica, al lograr que el gobierno le de el aval para el pr\u00e9stamo de la CAF con el cual proporcionaremos agua potable a Monte Sina\u00ed.<\/p>\n<p>Sobre el anuncio de fiscalizaci\u00f3n de la obra que hizo el presidente Daniel Noboa, el alcalde aclar\u00f3 que las obras con financiamiento internacional ya cuentan con procesos de fiscalizaci\u00f3n y m\u00e1s bien le sugiri\u00f3 que se dedique a fiscalizar la compra de barcazas en su gobierno.<\/p>\n<p>En cuanto a las condiciones del pr\u00e9stamo de casi $96 millones a la CAF, el burgomaestre dijo que deber\u00e1n cancelar casi un 3% de inter\u00e9s anual, en un plazo de 6 a 7 a\u00f1os, sin periodo de gracia .<\/p>\n<p>Finalmente record\u00f3 que existe un consolidado de endeudamiento a la CAF de aproximadamente $400,\u00a0 dineros que recibieron el aval del gobierno cuando el Abgdo Jaime Nebot era alcalde y el Eco. Rafael Correa era presidente<\/p>\n","protected":false},"excerpt":{"rendered":"<p>Guayaquil.- El Alcalde de Guayaquil, Aquiles Alvarez en enlace radial, dijo que Guayaquil dobleg\u00f3 al Presidente de la Rep\u00fablica, al lograr que el gobierno le de el aval para el pr\u00e9stamo de la CAF con el cual proporcionaremos agua potable a Monte Sina\u00ed. Sobre el anuncio de fiscalizaci\u00f3n de la obra que hizo el presidente [&hellip;]<\/p>\n","protected":false},"author":3,"featured_media":3747,"comment_status":"open","ping_status":"closed","sticky":false,"template":"","format":"standard","meta":{"_jetpack_memberships_contains_paid_content":false,"footnotes":""},"categories":[13],"tags":[26],"class_list":["post-16203","post","type-post","status-publish","format-standard","has-post-thumbnail","hentry","category-noticias-nacionales","tag-guayaquil"],"jetpack_featured_media_url":"https:\/\/radiocresatelital.com\/wp-content\/uploads\/2023\/09\/aquiles-alvarez-1-1.jpg","jetpack_sharing_enabled":true,"_links":{"self":[{"href":"https:\/\/radiocresatelital.com\/index.php?rest_route=\/wp\/v2\/posts\/16203","targetHints":{"allow":["GET"]}}],"collection":[{"href":"https:\/\/radiocresatelital.com\/index.php?rest_route=\/wp\/v2\/posts"}],"about":[{"href":"https:\/\/radiocresatelital.com\/index.php?rest_route=\/wp\/v2\/types\/post"}],"author":[{"embeddable":true,"href":"https:\/\/radiocresatelital.com\/index.php?rest_route=\/wp\/v2\/users\/3"}],"replies":[{"embeddable":true,"href":"https:\/\/radiocresatelital.com\/index.php?rest_route=%2Fwp%2Fv2%2Fcomments&post=16203"}],"version-history":[{"count":1,"href":"https:\/\/radiocresatelital.com\/index.php?rest_route=\/wp\/v2\/posts\/16203\/revisions"}],"predecessor-version":[{"id":16204,"href":"https:\/\/radiocresatelital.com\/index.php?rest_route=\/wp\/v2\/posts\/16203\/revisions\/16204"}],"wp:featuredmedia":[{"embeddable":true,"href":"https:\/\/radiocresatelital.com\/index.php?rest_route=\/wp\/v2\/media\/3747"}],"wp:attachment":[{"href":"https:\/\/radiocresatelital.com\/index.php?rest_route=%2Fwp%2Fv2%2Fmedia&parent=16203"}],"wp:term":[{"taxonomy":"category","embeddable":true,"href":"https:\/\/radiocresatelital.com\/index.php?rest_route=%2Fwp%2Fv2%2Fcategories&post=16203"},{"taxonomy":"post_tag","embeddable":true,"href":"https:\/\/radiocresatelital.com\/index.php?rest_route=%2Fwp%2Fv2%2Ftags&post=16203"}],"curies":[{"name":"wp","href":"https:\/\/api.w.org\/{rel}","templated":true}]}}