{"id":16200,"date":"2024-07-09T23:57:32","date_gmt":"2024-07-09T23:57:32","guid":{"rendered":"https:\/\/radiocresatelital.com\/?p=16200"},"modified":"2024-07-09T23:57:32","modified_gmt":"2024-07-09T23:57:32","slug":"quito-prohiben-2-personas-en-moto","status":"publish","type":"post","link":"https:\/\/radiocresatelital.com\/?p=16200","title":{"rendered":"Quito: Proh\u00edben 2 personas en moto"},"content":{"rendered":"<p>El<strong> Concejo Metropolitano de Quito con 12 votos a favor, uno en contra y cinco abstenciones, aprob\u00f3\u00a0 una ordenanza que proh\u00edbe que dos o m\u00e1s personas circulen en una moto<\/strong><\/p>\n<p>Q<strong>uienes no respeten esta normativa pagar\u00e1n una multa equivalente al 15% del salario b\u00e1sico sin retenci\u00f3n del veh\u00edculo.<\/strong><\/p>\n<p>Sin embargo, hay algunas excepciones:<\/p>\n<p><strong>Cuando el conductor va en compa\u00f1\u00eda del c\u00f3nyuge o conviviente en uni\u00f3n de hecho del conductor, debidamente inscrita en el Registro Civil.<\/strong><\/p>\n<p><strong>Hijos o hermanos del conductor. Personas con discapacidad.<\/strong><\/p>\n<div class=\"the-content\">\n<p>Adultos mayores. Mujeres. Personas menores de 12 a\u00f1os.<\/p>\n<p>Servidores p\u00fablicos que, en el cumplimiento de sus funciones, circulen en motocicletas institucionales.<\/p>\n<p>&nbsp;<\/p>\n<\/div>\n<p>&nbsp;<\/p>\n","protected":false},"excerpt":{"rendered":"<p>El Concejo Metropolitano de Quito con 12 votos a favor, uno en contra y cinco abstenciones, aprob\u00f3\u00a0 una ordenanza que proh\u00edbe que dos o m\u00e1s personas circulen en una moto Quienes no respeten esta normativa pagar\u00e1n una multa equivalente al 15% del salario b\u00e1sico sin retenci\u00f3n del veh\u00edculo. Sin embargo, hay algunas excepciones: Cuando el [&hellip;]<\/p>\n","protected":false},"author":3,"featured_media":16201,"comment_status":"open","ping_status":"closed","sticky":false,"template":"","format":"standard","meta":{"_jetpack_memberships_contains_paid_content":false,"footnotes":""},"categories":[13],"tags":[],"class_list":["post-16200","post","type-post","status-publish","format-standard","has-post-thumbnail","hentry","category-noticias-nacionales"],"jetpack_featured_media_url":"https:\/\/radiocresatelital.com\/wp-content\/uploads\/2024\/07\/IMG_20240709_185621.jpg","jetpack_sharing_enabled":true,"_links":{"self":[{"href":"https:\/\/radiocresatelital.com\/index.php?rest_route=\/wp\/v2\/posts\/16200","targetHints":{"allow":["GET"]}}],"collection":[{"href":"https:\/\/radiocresatelital.com\/index.php?rest_route=\/wp\/v2\/posts"}],"about":[{"href":"https:\/\/radiocresatelital.com\/index.php?rest_route=\/wp\/v2\/types\/post"}],"author":[{"embeddable":true,"href":"https:\/\/radiocresatelital.com\/index.php?rest_route=\/wp\/v2\/users\/3"}],"replies":[{"embeddable":true,"href":"https:\/\/radiocresatelital.com\/index.php?rest_route=%2Fwp%2Fv2%2Fcomments&post=16200"}],"version-history":[{"count":1,"href":"https:\/\/radiocresatelital.com\/index.php?rest_route=\/wp\/v2\/posts\/16200\/revisions"}],"predecessor-version":[{"id":16202,"href":"https:\/\/radiocresatelital.com\/index.php?rest_route=\/wp\/v2\/posts\/16200\/revisions\/16202"}],"wp:featuredmedia":[{"embeddable":true,"href":"https:\/\/radiocresatelital.com\/index.php?rest_route=\/wp\/v2\/media\/16201"}],"wp:attachment":[{"href":"https:\/\/radiocresatelital.com\/index.php?rest_route=%2Fwp%2Fv2%2Fmedia&parent=16200"}],"wp:term":[{"taxonomy":"category","embeddable":true,"href":"https:\/\/radiocresatelital.com\/index.php?rest_route=%2Fwp%2Fv2%2Fcategories&post=16200"},{"taxonomy":"post_tag","embeddable":true,"href":"https:\/\/radiocresatelital.com\/index.php?rest_route=%2Fwp%2Fv2%2Ftags&post=16200"}],"curies":[{"name":"wp","href":"https:\/\/api.w.org\/{rel}","templated":true}]}}