{"id":1620,"date":"2023-07-28T16:24:35","date_gmt":"2023-07-28T16:24:35","guid":{"rendered":"https:\/\/radiocresatelital.com\/?p=1620"},"modified":"2023-07-28T16:26:24","modified_gmt":"2023-07-28T16:26:24","slug":"dupla-tricolor-diaz-guillen-semifinalistas-en-challenger-de-salinas","status":"publish","type":"post","link":"https:\/\/radiocresatelital.com\/?p=1620","title":{"rendered":"Dupla Tricolor D\u00edaz\/Guill\u00e9n semifinalistas en Challenger de Salinas"},"content":{"rendered":"<p class=\"x_ydpb3727958yiv1027685644gmail-MsoNoSpacing\"><span lang=\"ES-EC\">Salinas.- Los ecuatorianos \u00c1ngel Diaz y \u00c1lvaro Guill\u00e9n se clasificaron para la semifinal dobles del Challenger de Salinas Copa Banco Guayaquil, luego de vencer en \u2018match tie break\u2019 a los segundos cabezas de serie del torneo, los hermanos peruanos Arklon y Conner Huertas del Pino.<\/span><span lang=\"ES-EC\">\u00a0<\/span><\/p>\n<p class=\"x_ydpb3727958yiv1027685644gmail-MsoNoSpacing\"><span lang=\"ES-EC\">La dupla local tuvo un arranque bastante agresivo lo que sorprendi\u00f3 a los peruanos que no tuvieron reacci\u00f3n para as\u00ed ceder 6-1 el primer set. Sin embargo, su experiencia les permiti\u00f3 revertir la situaci\u00f3n en el segundo parcial y tras un quiebre de servicio lograron llevarse el segundo set.<\/span><span lang=\"ES-EC\">\u00a0<\/span><\/p>\n<p class=\"x_ydpb3727958yiv1027685644gmail-MsoNoSpacing\"><span lang=\"ES-EC\">Lejos de desmotivarse los j\u00f3venes ecuatorianos se plantaron firmes en la definici\u00f3n (match tie break), el mantense D\u00edaz cubriendo el lado derecho de la cancha y el guayaquile\u00f1o Guill\u00e9n s\u00f3lido por el lado del rev\u00e9s.<\/span><span lang=\"ES-EC\">\u00a0<\/span><\/p>\n<p class=\"x_ydpb3727958yiv1027685644gmail-MsoNoSpacing\"><span lang=\"ES-EC\">En el match point la responsabilidad del saque fue para \u00c1lvaro que estuvo preciso en la ejecuci\u00f3n, provocando la devoluci\u00f3n larga de su rival para as\u00ed llevarse la victoria por 6-1, 3-6, 10-7.<\/span><span lang=\"ES-EC\">\u00a0<\/span><\/p>\n<p class=\"x_ydpb3727958yiv1027685644gmail-MsoNoSpacing\"><span lang=\"ES-EC\">\u201cLa planificaci\u00f3n para el partido en realidad solo fue comenzar intensos y ganarles en intensidad a los otros. Eso fue m\u00e1s que todo nuestro plan, ganar en intensidad y energ\u00eda. Creo que por eso el primer set lo ganamos muy c\u00f3modamente. Ellos se metieron al partido en el segundo, pero en el tercer set volvimos a subir bastante la energ\u00eda, sobre todo\u201d, manifest\u00f3 D\u00edaz de 21 a\u00f1os.<\/span><span lang=\"ES-EC\">\u00a0<\/span><\/p>\n<p class=\"x_ydpb3727958yiv1027685644gmail-MsoNoSpacing\"><span lang=\"ES-EC\">Por su parte Guill\u00e9n, de 19 a\u00f1os, revela c\u00f3mo recuperaron su nivel en el match tie break: \u201cEst\u00e1bamos bastante tensos al principio, pero nada, le dije a Angelito eso y hablamos de subir la energ\u00eda otra vez, de concentrarnos en nuestros puntos, en estar bastante intensos y ganarles en eso en vez concentrarnos en ganar el \u2018tie break\u2019. Ah\u00ed un poco a la mitad agarramos ventaja, al final se emparej\u00f3 un poco, pero lo pudimos zafar.<\/span><span lang=\"ES-EC\">\u00a0<\/span><\/p>\n<p class=\"x_ydpb3727958yiv1027685644gmail-MsoNoSpacing\"><span lang=\"ES-EC\">D\u00edaz y Guill\u00e9n van por su primera final juntos en Challengers, hace dos a\u00f1os fueron finalistas (subcampeones) del M15 Guayaquil.<\/span><span lang=\"ES-EC\">\u00a0<\/span><\/p>\n<p class=\"x_ydpb3727958yiv1027685644gmail-MsoNoSpacing\"><b><span lang=\"ES-EC\">CROATA, TURCO, FRANC\u00c9S Y UCRANIANO POR LA FINAL SINGLES<\/span><\/b><\/p>\n<p class=\"x_ydpb3727958yiv1027685644gmail-MsoNoSpacing\"><span lang=\"ES-EC\">Las semifinales singles del Challenger de Salinas Copa Banco Guayaquil presentan a dos tenistas experimentados ante dos j\u00f3venes rivales que tratar\u00e1n de imponer su \u00edmpetu y ganas de seguir escalando en el ranking.<\/span><span lang=\"ES-EC\">\u00a0<\/span><\/p>\n<p class=\"x_ydpb3727958yiv1027685644gmail-MsoNoSpacing\"><span lang=\"ES-EC\">A las 11h30 de este viernes se enfrentar\u00e1n\u00a0<\/span>Matija Pecotic de Croacia ante Altug Celikbilek de Turqu\u00eda.<span lang=\"ES-EC\">\u00a0<\/span><\/p>\n<p class=\"x_ydpb3727958yiv1027685644gmail-MsoNoSpacing\"><span lang=\"ES-EC\">El croata de 34 a\u00f1os, #611 ATP, pas\u00f3 la qualy en este torneo y no ha cedido sets en el cuadro principal, aqu\u00ed va en busca de su segunda final Challenger.<\/span><span lang=\"ES-EC\">\u00a0<\/span><\/p>\n<p class=\"x_ydpb3727958yiv1027685644gmail-MsoNoSpacing\"><span lang=\"ES-EC\">Su rival, el turco\u00a0<\/span>Celikbilek tiene 26 a\u00f1os, #289 ATP, suma tres t\u00edtulos Challengers y esta temporada alcanz\u00f3 la semifinal en B\u00e9lgica.<\/p>\n<p class=\"x_ydpb3727958yiv1027685644gmail-MsoNoSpacing\">Seg\u00fan antecedentes se enfrentaron una vez como profesionales, fue en la final del M15 de Monastir, T\u00fanez, con triunfo para Pecotic.<\/p>\n<p class=\"x_ydpb3727958yiv1027685644gmail-MsoNoSpacing\">En la otra llave, el ex #49 del mundo, Illya Marchenko de Ucrania tratar\u00e1 a sus 35 a\u00f1os llegar a su final n\u00famero 17 en Challengers, de esas gan\u00f3 ocho. Se desempe\u00f1a muy bien en canchas duras, as\u00ed lo indica adem\u00e1s su mejor actuaci\u00f3n en un Grand Slam, fue en el US Open donde lleg\u00f3 a octavos de final el 2016.<\/p>\n<div><span lang=\"ES-EC\">Frente a \u00e9l aparece el joven franc\u00e9s de 20 a\u00f1os,\u00a0<\/span>Giovanni Mpetshi Perricard #222 ATP, quien esta temporada ya gan\u00f3 su primer Challenger, fue en Le\u00f3n, M\u00e9xico (canchas duras) y en mayo pasado jug\u00f3 el cuadro principal de Roland Garros.<\/div>\n<div><\/div>\n<div dir=\"ltr\" data-setdir=\"false\"><span style=\"font-family: New serif;\"><b>Cabe indicar que ambas semifinales de singles ser\u00e1n transmitidas en vivo por ESPN y STAR +.<\/b><\/span><\/div>\n<p class=\"x_ydpb3727958yiv1027685644gmail-MsoNoSpacing\"><b><span lang=\"ES-EC\">RESULTADOS<\/span><\/b><\/p>\n<p class=\"x_ydpb3727958yiv1027685644gmail-MsoNoSpacing\"><b><span lang=\"ES-EC\">Jueves 27 de julio<\/span><\/b><\/p>\n<p class=\"x_ydpb3727958yiv1027685644gmail-MsoNoSpacing\"><b><span lang=\"ES-EC\">Singles cuartos de final\u00a0<\/span><\/b><\/p>\n<p class=\"x_ydpb3727958yiv1027685644gmail-MsoNoSpacing\">Matija Pecotic CRO a Omar Jasika AUS\u00a0\u00a0\u00a0\u00a0\u00a0\u00a0\u00a0\u00a0\u00a0\u00a0\u00a0\u00a0\u00a0\u00a0\u00a0\u00a0\u00a0 6-3, 7-5<\/p>\n<p class=\"x_ydpb3727958yiv1027685644gmail-MsoNoSpacing\"><span lang=\"EN-US\">Altug Celikbilek TUR a Abdullah Shelbayh JOR\u00a0\u00a0\u00a0 7-5, 1-6, 6-4<\/span><\/p>\n<p class=\"x_ydpb3727958yiv1027685644gmail-MsoNoSpacing\"><span lang=\"EN-US\">Giovanni Mpetshi Perricard FRA a Beibit Zhukayev KAZ 7-6(9), 6-7(6), 6-4<\/span><\/p>\n<p class=\"x_ydpb3727958yiv1027685644gmail-MsoNoSpacing\"><span lang=\"EN-US\">Illya Marchenko UKR vs Rio Noguchi JPN \u00a0\u00a0\u00a0\u00a0\u00a0\u00a0\u00a0\u00a0\u00a0\u00a0\u00a0\u00a0\u00a0\u00a0\u00a0\u00a0\u00a0\u00a0\u00a0\u00a0\u00a0\u00a0\u00a0 6-3, 3-6, 7-6(2)<\/span><span lang=\"EN-US\">\u00a0<\/span><\/p>\n<p class=\"x_ydpb3727958yiv1027685644gmail-MsoNoSpacing\"><b><span lang=\"EN-US\">Dobles cuartos de final<\/span><\/b><\/p>\n<p class=\"x_ydpb3727958yiv1027685644gmail-MsoNoSpacing\">\u00c1ngel D\u00edaz ECU\/\u00c1lvaro Guill\u00e9n ECU a Conner Huertas Del Pino PER\/Arklon Huertas Del Pino PER 6-1, 3-6, 10-7<\/p>\n<p class=\"x_ydpb3727958yiv1027685644gmail-MsoNoSpacing\"><span lang=\"EN-US\">Omar Jasika AUS\/Adam Walton AUS a Calum Puttergill AUS\/Dane Sweeny AUS 7-6(5), 6-3<\/span><\/p>\n<p class=\"x_ydpb3727958yiv1027685644gmail-MsoNoSpacing\">Vasil Kirkov USA\/Alfredo P\u00e9rez USA a Pedro Boscardin BRA\/Mat\u00edas Soto CHI<\/p>\n<p class=\"x_ydpb3727958yiv1027685644gmail-MsoNoSpacing\">3-6, 7-5, 10-2<\/p>\n<p class=\"x_ydpb3727958yiv1027685644gmail-MsoNoSpacing\">Blake Ellis AUS\/Tristan Schoolkate AUS a Andr\u00e9s Andrade ECU\/Abdullah Shelbayh 6-3, 6-4<b><span lang=\"ES-EC\">\u00a0<\/span><\/b><\/p>\n<p class=\"x_ydpb3727958yiv1027685644gmail-MsoNoSpacing\"><b><span lang=\"ES-EC\">ENTRADA LIBRE<\/span><\/b><\/p>\n<p class=\"x_ydpb3727958yiv1027685644gmail-MsoNoSpacing\"><span lang=\"ES-EC\">Este viernes 28 de julio se disputar\u00e1n las dos semifinales singles y las dos semifinales dobles. Se jugar\u00e1n desde las 11h30 en dos canchas de manera simult\u00e1nea.<\/span><span lang=\"ES-EC\">\u00a0<\/span><\/p>\n<p class=\"x_ydpb3727958yiv1027685644gmail-MsoNoSpacing\"><span lang=\"ES-EC\">Para esta edici\u00f3n la entrada al torneo ser\u00e1 libre (hasta completar el aforo), sin duda ser\u00e1 una gran oportunidad para los aficionados de acudir a ver el presente y futuro del tenis mundial.<\/span><\/p>\n","protected":false},"excerpt":{"rendered":"<p>Salinas.- Los ecuatorianos \u00c1ngel Diaz y \u00c1lvaro Guill\u00e9n se clasificaron para la semifinal dobles del Challenger de Salinas Copa Banco Guayaquil, luego de vencer en \u2018match tie break\u2019 a los segundos cabezas de serie del torneo, los hermanos peruanos Arklon y Conner Huertas del Pino.\u00a0 La dupla local tuvo un arranque bastante agresivo lo que [&hellip;]<\/p>\n","protected":false},"author":2,"featured_media":1621,"comment_status":"open","ping_status":"closed","sticky":false,"template":"","format":"standard","meta":{"_jetpack_memberships_contains_paid_content":false,"footnotes":""},"categories":[9,64],"tags":[347],"class_list":["post-1620","post","type-post","status-publish","format-standard","has-post-thumbnail","hentry","category-deportes","category-tenis","tag-challenger-de-salinas"],"jetpack_featured_media_url":"https:\/\/radiocresatelital.com\/wp-content\/uploads\/2023\/07\/thumbnail_Diaz_Guillen_ECU.jpg","jetpack_sharing_enabled":true,"_links":{"self":[{"href":"https:\/\/radiocresatelital.com\/index.php?rest_route=\/wp\/v2\/posts\/1620","targetHints":{"allow":["GET"]}}],"collection":[{"href":"https:\/\/radiocresatelital.com\/index.php?rest_route=\/wp\/v2\/posts"}],"about":[{"href":"https:\/\/radiocresatelital.com\/index.php?rest_route=\/wp\/v2\/types\/post"}],"author":[{"embeddable":true,"href":"https:\/\/radiocresatelital.com\/index.php?rest_route=\/wp\/v2\/users\/2"}],"replies":[{"embeddable":true,"href":"https:\/\/radiocresatelital.com\/index.php?rest_route=%2Fwp%2Fv2%2Fcomments&post=1620"}],"version-history":[{"count":3,"href":"https:\/\/radiocresatelital.com\/index.php?rest_route=\/wp\/v2\/posts\/1620\/revisions"}],"predecessor-version":[{"id":1624,"href":"https:\/\/radiocresatelital.com\/index.php?rest_route=\/wp\/v2\/posts\/1620\/revisions\/1624"}],"wp:featuredmedia":[{"embeddable":true,"href":"https:\/\/radiocresatelital.com\/index.php?rest_route=\/wp\/v2\/media\/1621"}],"wp:attachment":[{"href":"https:\/\/radiocresatelital.com\/index.php?rest_route=%2Fwp%2Fv2%2Fmedia&parent=1620"}],"wp:term":[{"taxonomy":"category","embeddable":true,"href":"https:\/\/radiocresatelital.com\/index.php?rest_route=%2Fwp%2Fv2%2Fcategories&post=1620"},{"taxonomy":"post_tag","embeddable":true,"href":"https:\/\/radiocresatelital.com\/index.php?rest_route=%2Fwp%2Fv2%2Ftags&post=1620"}],"curies":[{"name":"wp","href":"https:\/\/api.w.org\/{rel}","templated":true}]}}