{"id":16194,"date":"2024-07-09T16:24:34","date_gmt":"2024-07-09T16:24:34","guid":{"rendered":"https:\/\/radiocresatelital.com\/?p=16194"},"modified":"2024-07-09T16:24:34","modified_gmt":"2024-07-09T16:24:34","slug":"todo-terrorista-violador-traficante-debe-podrise-tras-las-rejas-gian-carlo-loffredo","status":"publish","type":"post","link":"https:\/\/radiocresatelital.com\/?p=16194","title":{"rendered":"Todo terrorista, violador, traficante debe podrise tras las rejas, Gian Carlo Loffredo"},"content":{"rendered":"<p>Quito.- El Ministro de Defensa, Gian Carlo Loffredo, hizo un llamado al sistema judicial para que cumpla con su labor luego de que tanto la Polic\u00eda como las Fuerzas Armadas los detienen: \u00abTodo terrorista, todo secuetrador, todo sicario, todo traficante de ni\u00f1os, debe podrirse tras las rejas\u00bb<\/p>\n<p>El ministro de defensa, Gian Carlo Loffredo, ha exigido que aquellos individuos que han cometido delitos sean sentenciados conforme a la ley, afirmando que deben cumplir sus penas tras las rejas.<\/p>\n<p>Loffredo hizo un llamado a la Asamblea para que priorice la seguridad de los ciudadanos sobre consideraciones pol\u00edticas e intereses personales al legislar en este sentido.<\/p>\n<p><span class=\"css-1jxf684 r-bcqeeo r-1ttztb7 r-qvutc0 r-poiln3\">\u201cEl pueblo quiere penas m\u00e1s fuertes; para lograr efectivamente una disminuci\u00f3n del delito, se necesita persecuci\u00f3n efectiva del delito, operadores de justicia y penas fuertes, a esas 2 cosas le temen los criminales\u201d &#8211; <\/span><span class=\"css-1jxf684 r-bcqeeo r-1ttztb7 r-qvutc0 r-poiln3 r-b88u0q\">Gian Carlo<\/span> <span class=\"css-1jxf684 r-bcqeeo r-1ttztb7 r-qvutc0 r-poiln3 r-b88u0q\">Loffredo<\/span><span class=\"css-1jxf684 r-bcqeeo r-1ttztb7 r-qvutc0 r-poiln3\">, ministro de Defensa Nacional.<\/span><\/p>\n<div style=\"width: 640px;\" class=\"wp-video\"><video class=\"wp-video-shortcode\" id=\"video-16194-1\" width=\"640\" height=\"1138\" preload=\"metadata\" controls=\"controls\"><source type=\"video\/mp4\" src=\"https:\/\/radiocresatelital.com\/wp-content\/uploads\/2024\/07\/l5PJLWGWsAF-Fqyo.mp4?_=1\" \/><a href=\"https:\/\/radiocresatelital.com\/wp-content\/uploads\/2024\/07\/l5PJLWGWsAF-Fqyo.mp4\">https:\/\/radiocresatelital.com\/wp-content\/uploads\/2024\/07\/l5PJLWGWsAF-Fqyo.mp4<\/a><\/video><\/div>\n","protected":false},"excerpt":{"rendered":"<p>Quito.- El Ministro de Defensa, Gian Carlo Loffredo, hizo un llamado al sistema judicial para que cumpla con su labor luego de que tanto la Polic\u00eda como las Fuerzas Armadas los detienen: \u00abTodo terrorista, todo secuetrador, todo sicario, todo traficante de ni\u00f1os, debe podrirse tras las rejas\u00bb El ministro de defensa, Gian Carlo Loffredo, ha [&hellip;]<\/p>\n","protected":false},"author":3,"featured_media":16195,"comment_status":"open","ping_status":"closed","sticky":false,"template":"","format":"standard","meta":{"_jetpack_memberships_contains_paid_content":false,"footnotes":""},"categories":[13],"tags":[2622],"class_list":["post-16194","post","type-post","status-publish","format-standard","has-post-thumbnail","hentry","category-noticias-nacionales","tag-giancarlosloffredo"],"jetpack_featured_media_url":"https:\/\/radiocresatelital.com\/wp-content\/uploads\/2024\/07\/gian-carlo-loffredo-ministro-defensa.jpg","jetpack_sharing_enabled":true,"_links":{"self":[{"href":"https:\/\/radiocresatelital.com\/index.php?rest_route=\/wp\/v2\/posts\/16194","targetHints":{"allow":["GET"]}}],"collection":[{"href":"https:\/\/radiocresatelital.com\/index.php?rest_route=\/wp\/v2\/posts"}],"about":[{"href":"https:\/\/radiocresatelital.com\/index.php?rest_route=\/wp\/v2\/types\/post"}],"author":[{"embeddable":true,"href":"https:\/\/radiocresatelital.com\/index.php?rest_route=\/wp\/v2\/users\/3"}],"replies":[{"embeddable":true,"href":"https:\/\/radiocresatelital.com\/index.php?rest_route=%2Fwp%2Fv2%2Fcomments&post=16194"}],"version-history":[{"count":1,"href":"https:\/\/radiocresatelital.com\/index.php?rest_route=\/wp\/v2\/posts\/16194\/revisions"}],"predecessor-version":[{"id":16197,"href":"https:\/\/radiocresatelital.com\/index.php?rest_route=\/wp\/v2\/posts\/16194\/revisions\/16197"}],"wp:featuredmedia":[{"embeddable":true,"href":"https:\/\/radiocresatelital.com\/index.php?rest_route=\/wp\/v2\/media\/16195"}],"wp:attachment":[{"href":"https:\/\/radiocresatelital.com\/index.php?rest_route=%2Fwp%2Fv2%2Fmedia&parent=16194"}],"wp:term":[{"taxonomy":"category","embeddable":true,"href":"https:\/\/radiocresatelital.com\/index.php?rest_route=%2Fwp%2Fv2%2Fcategories&post=16194"},{"taxonomy":"post_tag","embeddable":true,"href":"https:\/\/radiocresatelital.com\/index.php?rest_route=%2Fwp%2Fv2%2Ftags&post=16194"}],"curies":[{"name":"wp","href":"https:\/\/api.w.org\/{rel}","templated":true}]}}