{"id":16172,"date":"2024-07-08T22:02:03","date_gmt":"2024-07-08T22:02:03","guid":{"rendered":"https:\/\/radiocresatelital.com\/?p=16172"},"modified":"2024-07-08T22:02:03","modified_gmt":"2024-07-08T22:02:03","slug":"siempre-me-gustaria-devolverle-al-futbol-lo-que-me-ha-dado-y-estoy-agradecido-por-todo-el-tiempo-que-he-vivido-thiago-alcatara","status":"publish","type":"post","link":"https:\/\/radiocresatelital.com\/?p=16172","title":{"rendered":"Siempre me gustar\u00eda devolverle al f\u00fatbol lo que me ha dado y estoy agradecido por todo el tiempo que he vivido, Thiago Alcatara"},"content":{"rendered":"<p>Madrid.- El volante de origen espa\u00f1ol, Thiago Alcatara indic\u00f3 en sus redes sociales que ha decidido retirarse como futbolista profesional a los 33 a\u00f1os de edad.<\/p>\n<p>\u00abSiempre me gustar\u00eda devolverle al f\u00fatbol lo que me ha dado y estoy agradecido por todo el tiempo que he vivido\u00bb, public\u00f3 Alc\u00e1ntara en su cuenta de X, la red social conocida anteriormente como Twitter.<\/p>\n<p>El ahora ex mediocampista, que jug\u00f3 la temporada 2023-24 para Liverpool, tambi\u00e9n agradeci\u00f3 \u00aba todos los que vinieron conmigo y me hicieron jugador y una mejor persona\u00bb.<\/p>\n<p>Thiago Alc\u00e1ntara naci\u00f3 en Lecce, Italia, y se form\u00f3 en Barcelona, ;;donde comenz\u00f3 su carrera profesional y gan\u00f3 un t\u00edtulo de la Champions League (2011) y cuatro de la Liga (2009, 2010, 2011 y 2013) antes de unirse al Bayern M\u00fanich.<\/p>\n<p>Tambi\u00e9n gan\u00f3 siete t\u00edtulos consecutivos de la Bundesliga y uno de la \u00abChampions\u00bb con Bayern M\u00fanich (2019-20), del cual pas\u00f3 al Liverpool a cambio de 28 millones de euros en 2020, aunque una serie de lesiones le permitieron jugar apenas 98 partidos con los \u00abReds\u00bb, mientras que con la selecci\u00f3n de Espa\u00f1a lleg\u00f3 a semifinales de la Eurocopa 2020.<\/p>\n","protected":false},"excerpt":{"rendered":"<p>Madrid.- El volante de origen espa\u00f1ol, Thiago Alcatara indic\u00f3 en sus redes sociales que ha decidido retirarse como futbolista profesional a los 33 a\u00f1os de edad. \u00abSiempre me gustar\u00eda devolverle al f\u00fatbol lo que me ha dado y estoy agradecido por todo el tiempo que he vivido\u00bb, public\u00f3 Alc\u00e1ntara en su cuenta de X, la [&hellip;]<\/p>\n","protected":false},"author":2,"featured_media":16173,"comment_status":"open","ping_status":"closed","sticky":false,"template":"","format":"standard","meta":{"_jetpack_memberships_contains_paid_content":false,"footnotes":""},"categories":[7],"tags":[2618],"class_list":["post-16172","post","type-post","status-publish","format-standard","has-post-thumbnail","hentry","category-futbol-internacional","tag-thiago-alcatara"],"jetpack_featured_media_url":"https:\/\/radiocresatelital.com\/wp-content\/uploads\/2024\/07\/thiago.jpg","jetpack_sharing_enabled":true,"_links":{"self":[{"href":"https:\/\/radiocresatelital.com\/index.php?rest_route=\/wp\/v2\/posts\/16172","targetHints":{"allow":["GET"]}}],"collection":[{"href":"https:\/\/radiocresatelital.com\/index.php?rest_route=\/wp\/v2\/posts"}],"about":[{"href":"https:\/\/radiocresatelital.com\/index.php?rest_route=\/wp\/v2\/types\/post"}],"author":[{"embeddable":true,"href":"https:\/\/radiocresatelital.com\/index.php?rest_route=\/wp\/v2\/users\/2"}],"replies":[{"embeddable":true,"href":"https:\/\/radiocresatelital.com\/index.php?rest_route=%2Fwp%2Fv2%2Fcomments&post=16172"}],"version-history":[{"count":1,"href":"https:\/\/radiocresatelital.com\/index.php?rest_route=\/wp\/v2\/posts\/16172\/revisions"}],"predecessor-version":[{"id":16174,"href":"https:\/\/radiocresatelital.com\/index.php?rest_route=\/wp\/v2\/posts\/16172\/revisions\/16174"}],"wp:featuredmedia":[{"embeddable":true,"href":"https:\/\/radiocresatelital.com\/index.php?rest_route=\/wp\/v2\/media\/16173"}],"wp:attachment":[{"href":"https:\/\/radiocresatelital.com\/index.php?rest_route=%2Fwp%2Fv2%2Fmedia&parent=16172"}],"wp:term":[{"taxonomy":"category","embeddable":true,"href":"https:\/\/radiocresatelital.com\/index.php?rest_route=%2Fwp%2Fv2%2Fcategories&post=16172"},{"taxonomy":"post_tag","embeddable":true,"href":"https:\/\/radiocresatelital.com\/index.php?rest_route=%2Fwp%2Fv2%2Ftags&post=16172"}],"curies":[{"name":"wp","href":"https:\/\/api.w.org\/{rel}","templated":true}]}}