{"id":16157,"date":"2024-07-08T21:34:19","date_gmt":"2024-07-08T21:34:19","guid":{"rendered":"https:\/\/radiocresatelital.com\/?p=16157"},"modified":"2024-07-08T21:34:19","modified_gmt":"2024-07-08T21:34:19","slug":"bloque-de-seguridad-continuan-dando-resultados","status":"publish","type":"post","link":"https:\/\/radiocresatelital.com\/?p=16157","title":{"rendered":"Bloque de Seguridad contin\u00faan dando resultados"},"content":{"rendered":"<p>Manta.- El Bloque de Seguridad, desplegado en territorio, logr\u00f3 dar fuertes golpes a las estructuras narcoterroristas que amenazan la seguridad del pa\u00eds. La ministra del Interior, M\u00f3nica Palencia, indic\u00f3 hoy 8 de julio de 2024 que, en los \u00faltimos 32 d\u00edas &#8211; del 6 de junio al 7 de julio de 2024-<br \/>\nno se han registrado muertes violentas en Manta.<\/p>\n<p>Tambi\u00e9n, en la semana 27 de este a\u00f1o se refleja una reducci\u00f3n del 29 % en homicidios intencionales en comparaci\u00f3n con el mismo periodo del 2023.<\/p>\n<p>\u201cEsta cifra responde a la intervenci\u00f3n de nuestros servidores policiales y militares; lo que confirma una vez m\u00e1s que las acciones implementadas por el Bloque de Seguridad son las acertadas\u201d, mencion\u00f3 Palencia.<\/p>\n<p>Por su parte, el ministro de Defensa Nacional, Gian Carlo Loffredo, inform\u00f3 que la semana pasada se liberaron a 49 personas que fueron secuestradas por la organizaci\u00f3n terrorista \u201cLos Lobos\u201d, en el cant\u00f3n Camilo Ponce Enr\u00edquez. A su vez, en este sitio, durante los \u00faltimos siete d\u00edas se capturaron 23 miembros de este grupo criminal y a otros 12 elementos de \u201cLos Lagartos\u201d, en la isla Trinitaria (Guayas). Los detenidos ya fueron puestos a \u00f3rdenes de la justicia.<\/p>\n<p>En cuanto al nuevo estado de excepci\u00f3n en provincias que han presentado mayor conflictividad, Loffredo resalt\u00f3 que este documento tiene el respaldo de organizaciones internacionales e insisti\u00f3 en la importancia de que la Corte Constitucional tome una decisi\u00f3n favorable al respecto.<\/p>\n<p><strong>Operativos de seguridad<\/strong><br \/>\nPor su parte el GraS. C\u00e9sar Zapata, comandante general de la Polic\u00eda Nacional, destac\u00f3 que se ha roto la tendencia de crecimiento de muertes violentas que exist\u00eda en el pa\u00eds. En lo que se refiere a grupos terroristas, la instituci\u00f3n policial ha capturado a 9 objetivos de alto valor y 121 objetivos de intermedio valor.<\/p>\n<p>Respecto a la intervenci\u00f3n en Manab\u00ed, existe una reducci\u00f3n del 52 % en muertes violentas en la provincia. Se han incautado 149 toneladas de droga lo que representa un crecimiento del 33 % en incautaci\u00f3n de droga, con una afectaci\u00f3n a los grupos terroristas de aproximadamente USD 283 millones.<\/p>\n<p>El comandante de la Fuerza de Tarea Conjunta Manab\u00ed, general Kleber Guaytarilla, expuso que desde esta entidad, en esta provincia se realizaron 1.593 operaciones militares y 49 operaciones de control y vigilancia a\u00e9rea.<\/p>\n<p>En todo el pa\u00eds se ejecutaron 164.022 operaciones, sobre todo en los sectores de alto riesgo. Para ello se desplegaron m\u00e1s de 30.000 miembros de Fuerzas Armadas. Esto permiti\u00f3 la incautaci\u00f3n de 2.560 armas letales, m\u00e1s de 203.000 municiones, 70.000 explosivos y 284.506 galones de combustible usado para contrabando entre otros. Lo que afect\u00f3 econ\u00f3micamente a las estructuras criminales en USD 1.248 millones.<\/p>\n<p><strong>Otras acciones en seguridad<\/strong><br \/>\nEl titular de Defensa mencion\u00f3 que la instituci\u00f3n militar brinda todas las facilidades a la justicia para que \u00e9l o los responsables del presunto femicidio en Napo, sean juzgados con todo el rigor de la ley.<\/p>\n<p>Inform\u00f3 que de manera inmediata se conform\u00f3 una comisi\u00f3n especializada para investigar todos los incidentes que constituyan faltas disciplinarias, para as\u00ed evaluarlos con perspectiva de g\u00e9nero.<\/p>\n<p>Esta cartera de Estado al momento est\u00e1 reforzando la pol\u00edtica y protocolos de G\u00e9nero y Derechos Humanos en todas las instancias militares.<\/p>\n<p>Y en cuanto al gabinete binacional desarrollado el viernes pasado en Per\u00fa, mencion\u00f3 que se acord\u00f3 con el vecino pa\u00eds trabajar de manera conjunta en las zonas de frontera.<\/p>\n<p>Mientras que la ministra Palencia se\u00f1al\u00f3 que en agosto se realizar\u00e1 la Cumbre Iberoamericana de Seguridad en Guayaquil, con el apoyo del Banco Interamericano de Desarrollo. El evento contar\u00e1 con los m\u00e1s altos exponentes en Seguridad Ciudadana, Seguridad P\u00fablica, reacci\u00f3n frente al delito, prevenci\u00f3n y c\u00f3mo construir democracia en medio de un conflicto armado no internacional.<\/p>\n","protected":false},"excerpt":{"rendered":"<p>Manta.- El Bloque de Seguridad, desplegado en territorio, logr\u00f3 dar fuertes golpes a las estructuras narcoterroristas que amenazan la seguridad del pa\u00eds. La ministra del Interior, M\u00f3nica Palencia, indic\u00f3 hoy 8 de julio de 2024 que, en los \u00faltimos 32 d\u00edas &#8211; del 6 de junio al 7 de julio de 2024- no se han [&hellip;]<\/p>\n","protected":false},"author":2,"featured_media":16158,"comment_status":"open","ping_status":"closed","sticky":false,"template":"","format":"standard","meta":{"_jetpack_memberships_contains_paid_content":false,"footnotes":""},"categories":[13],"tags":[1620],"class_list":["post-16157","post","type-post","status-publish","format-standard","has-post-thumbnail","hentry","category-noticias-nacionales","tag-bloque-de-seguridad"],"jetpack_featured_media_url":"https:\/\/radiocresatelital.com\/wp-content\/uploads\/2024\/07\/Foto.jpeg","jetpack_sharing_enabled":true,"_links":{"self":[{"href":"https:\/\/radiocresatelital.com\/index.php?rest_route=\/wp\/v2\/posts\/16157","targetHints":{"allow":["GET"]}}],"collection":[{"href":"https:\/\/radiocresatelital.com\/index.php?rest_route=\/wp\/v2\/posts"}],"about":[{"href":"https:\/\/radiocresatelital.com\/index.php?rest_route=\/wp\/v2\/types\/post"}],"author":[{"embeddable":true,"href":"https:\/\/radiocresatelital.com\/index.php?rest_route=\/wp\/v2\/users\/2"}],"replies":[{"embeddable":true,"href":"https:\/\/radiocresatelital.com\/index.php?rest_route=%2Fwp%2Fv2%2Fcomments&post=16157"}],"version-history":[{"count":1,"href":"https:\/\/radiocresatelital.com\/index.php?rest_route=\/wp\/v2\/posts\/16157\/revisions"}],"predecessor-version":[{"id":16159,"href":"https:\/\/radiocresatelital.com\/index.php?rest_route=\/wp\/v2\/posts\/16157\/revisions\/16159"}],"wp:featuredmedia":[{"embeddable":true,"href":"https:\/\/radiocresatelital.com\/index.php?rest_route=\/wp\/v2\/media\/16158"}],"wp:attachment":[{"href":"https:\/\/radiocresatelital.com\/index.php?rest_route=%2Fwp%2Fv2%2Fmedia&parent=16157"}],"wp:term":[{"taxonomy":"category","embeddable":true,"href":"https:\/\/radiocresatelital.com\/index.php?rest_route=%2Fwp%2Fv2%2Fcategories&post=16157"},{"taxonomy":"post_tag","embeddable":true,"href":"https:\/\/radiocresatelital.com\/index.php?rest_route=%2Fwp%2Fv2%2Ftags&post=16157"}],"curies":[{"name":"wp","href":"https:\/\/api.w.org\/{rel}","templated":true}]}}