{"id":16144,"date":"2024-07-08T20:01:50","date_gmt":"2024-07-08T20:01:50","guid":{"rendered":"https:\/\/radiocresatelital.com\/?p=16144"},"modified":"2024-07-08T21:45:31","modified_gmt":"2024-07-08T21:45:31","slug":"wilman-teran-sera-enjuiciado-en-la-asamblea","status":"publish","type":"post","link":"https:\/\/radiocresatelital.com\/?p=16144","title":{"rendered":"Wilman Ter\u00e1n, ser\u00e1 enjuiciado en la Asamblea"},"content":{"rendered":"<p>Quito.- Con 88 votos a favor, se aprob\u00f3 la moci\u00f3n del asambleista de Construye, Jorge Pe\u00f1afiel, para que contin\u00fae el juicio pol\u00edtico contra Wilman Ter\u00e1n, ex presidente del Consejo de la Judicatura, quien aparece involucrados en los chats de Met\u00e1stasis y Purga.<\/p>\n<p>La Comisi\u00f3n de Fiscalizaci\u00f3n del legislativo, propuso el archivo del juicio pol\u00edtico contra Ter\u00e1n, quien al momento est\u00e1 detenido de forma preventiva y tiene que afrontar otras causas penales.<\/p>\n<p>Al respecto tambi\u00e9n se pronunci\u00f3 el asamble\u00edsta Camilo Salinas, afirmando que el voto del movimiento fue por el juicio ya que siempre estar\u00e1n en contra de la corrupci\u00f3n judicial y a favor de la patria<\/p>\n","protected":false},"excerpt":{"rendered":"<p>Quito.- Con 88 votos a favor, se aprob\u00f3 la moci\u00f3n del asambleista de Construye, Jorge Pe\u00f1afiel, para que contin\u00fae el juicio pol\u00edtico contra Wilman Ter\u00e1n, ex presidente del Consejo de la Judicatura, quien aparece involucrados en los chats de Met\u00e1stasis y Purga. La Comisi\u00f3n de Fiscalizaci\u00f3n del legislativo, propuso el archivo del juicio pol\u00edtico contra [&hellip;]<\/p>\n","protected":false},"author":3,"featured_media":7671,"comment_status":"open","ping_status":"closed","sticky":false,"template":"","format":"standard","meta":{"_jetpack_memberships_contains_paid_content":false,"footnotes":""},"categories":[13],"tags":[2617],"class_list":["post-16144","post","type-post","status-publish","format-standard","has-post-thumbnail","hentry","category-noticias-nacionales","tag-wiliam-teran"],"jetpack_featured_media_url":"https:\/\/radiocresatelital.com\/wp-content\/uploads\/2023\/11\/jorge-penafiel.jpg","jetpack_sharing_enabled":true,"_links":{"self":[{"href":"https:\/\/radiocresatelital.com\/index.php?rest_route=\/wp\/v2\/posts\/16144","targetHints":{"allow":["GET"]}}],"collection":[{"href":"https:\/\/radiocresatelital.com\/index.php?rest_route=\/wp\/v2\/posts"}],"about":[{"href":"https:\/\/radiocresatelital.com\/index.php?rest_route=\/wp\/v2\/types\/post"}],"author":[{"embeddable":true,"href":"https:\/\/radiocresatelital.com\/index.php?rest_route=\/wp\/v2\/users\/3"}],"replies":[{"embeddable":true,"href":"https:\/\/radiocresatelital.com\/index.php?rest_route=%2Fwp%2Fv2%2Fcomments&post=16144"}],"version-history":[{"count":1,"href":"https:\/\/radiocresatelital.com\/index.php?rest_route=\/wp\/v2\/posts\/16144\/revisions"}],"predecessor-version":[{"id":16145,"href":"https:\/\/radiocresatelital.com\/index.php?rest_route=\/wp\/v2\/posts\/16144\/revisions\/16145"}],"wp:featuredmedia":[{"embeddable":true,"href":"https:\/\/radiocresatelital.com\/index.php?rest_route=\/wp\/v2\/media\/7671"}],"wp:attachment":[{"href":"https:\/\/radiocresatelital.com\/index.php?rest_route=%2Fwp%2Fv2%2Fmedia&parent=16144"}],"wp:term":[{"taxonomy":"category","embeddable":true,"href":"https:\/\/radiocresatelital.com\/index.php?rest_route=%2Fwp%2Fv2%2Fcategories&post=16144"},{"taxonomy":"post_tag","embeddable":true,"href":"https:\/\/radiocresatelital.com\/index.php?rest_route=%2Fwp%2Fv2%2Ftags&post=16144"}],"curies":[{"name":"wp","href":"https:\/\/api.w.org\/{rel}","templated":true}]}}