{"id":16123,"date":"2024-07-08T16:43:56","date_gmt":"2024-07-08T16:43:56","guid":{"rendered":"https:\/\/radiocresatelital.com\/?p=16123"},"modified":"2024-07-08T16:44:26","modified_gmt":"2024-07-08T16:44:26","slug":"la-vicepresidenta-de-la-republica-se-ira-solita-daniel-noboa","status":"publish","type":"post","link":"https:\/\/radiocresatelital.com\/?p=16123","title":{"rendered":"La vicepresidenta de la Rep\u00fablica se ir\u00e1 solita, Daniel Noboa"},"content":{"rendered":"<p style=\"text-align: left;\">Guayaquil.- La vicepresidenta dela Rep\u00fablica, Ver\u00f3nica Abad, ser\u00eda solita de su cargo, porque todas las cosas caen por su propio peso, asever\u00f3 en cadena radial el presidente Daniel Noboa.<\/p>\n<p>El primer mandatario dijo que con un hijo y un novio procesados en casos de tr\u00e1fico de influencias y corrupci\u00f3n, c\u00f3mo es posible que ella no supiera nada, se\u00f1alando que quienes intentan salvarla son los que conforman \u00abel viejo Ecuador\u00bb.<\/p>\n<p>Adem\u00e1s, Noboa, dijo que Abad jam\u00e1s neg\u00f3 que tiene la intenci\u00f3n de traer de vuelta a Rafael Correa al pa\u00eds.<\/p>\n","protected":false},"excerpt":{"rendered":"<p>Guayaquil.- La vicepresidenta dela Rep\u00fablica, Ver\u00f3nica Abad, ser\u00eda solita de su cargo, porque todas las cosas caen por su propio peso, asever\u00f3 en cadena radial el presidente Daniel Noboa. El primer mandatario dijo que con un hijo y un novio procesados en casos de tr\u00e1fico de influencias y corrupci\u00f3n, c\u00f3mo es posible que ella no [&hellip;]<\/p>\n","protected":false},"author":3,"featured_media":16124,"comment_status":"open","ping_status":"closed","sticky":false,"template":"","format":"standard","meta":{"_jetpack_memberships_contains_paid_content":false,"footnotes":""},"categories":[2163,13],"tags":[],"class_list":["post-16123","post","type-post","status-publish","format-standard","has-post-thumbnail","hentry","category-noticias","category-noticias-nacionales"],"jetpack_featured_media_url":"https:\/\/radiocresatelital.com\/wp-content\/uploads\/2024\/07\/IMG_20240708_114237.jpg","jetpack_sharing_enabled":true,"_links":{"self":[{"href":"https:\/\/radiocresatelital.com\/index.php?rest_route=\/wp\/v2\/posts\/16123","targetHints":{"allow":["GET"]}}],"collection":[{"href":"https:\/\/radiocresatelital.com\/index.php?rest_route=\/wp\/v2\/posts"}],"about":[{"href":"https:\/\/radiocresatelital.com\/index.php?rest_route=\/wp\/v2\/types\/post"}],"author":[{"embeddable":true,"href":"https:\/\/radiocresatelital.com\/index.php?rest_route=\/wp\/v2\/users\/3"}],"replies":[{"embeddable":true,"href":"https:\/\/radiocresatelital.com\/index.php?rest_route=%2Fwp%2Fv2%2Fcomments&post=16123"}],"version-history":[{"count":1,"href":"https:\/\/radiocresatelital.com\/index.php?rest_route=\/wp\/v2\/posts\/16123\/revisions"}],"predecessor-version":[{"id":16125,"href":"https:\/\/radiocresatelital.com\/index.php?rest_route=\/wp\/v2\/posts\/16123\/revisions\/16125"}],"wp:featuredmedia":[{"embeddable":true,"href":"https:\/\/radiocresatelital.com\/index.php?rest_route=\/wp\/v2\/media\/16124"}],"wp:attachment":[{"href":"https:\/\/radiocresatelital.com\/index.php?rest_route=%2Fwp%2Fv2%2Fmedia&parent=16123"}],"wp:term":[{"taxonomy":"category","embeddable":true,"href":"https:\/\/radiocresatelital.com\/index.php?rest_route=%2Fwp%2Fv2%2Fcategories&post=16123"},{"taxonomy":"post_tag","embeddable":true,"href":"https:\/\/radiocresatelital.com\/index.php?rest_route=%2Fwp%2Fv2%2Ftags&post=16123"}],"curies":[{"name":"wp","href":"https:\/\/api.w.org\/{rel}","templated":true}]}}