{"id":16112,"date":"2024-07-06T20:50:00","date_gmt":"2024-07-06T20:50:00","guid":{"rendered":"https:\/\/radiocresatelital.com\/?p=16112"},"modified":"2024-07-06T20:50:12","modified_gmt":"2024-07-06T20:50:12","slug":"ligapro-kids-termina-con-una-fiesta-del-futbol-en-parque-samanes","status":"publish","type":"post","link":"https:\/\/radiocresatelital.com\/?p=16112","title":{"rendered":"LigaPro Kids termina con una fiesta del f\u00fatbol en Parque Samanes"},"content":{"rendered":"<p>Guayaquil.- La ma\u00f1ana de este s\u00e1bado 6 de julio de 2024 se llev\u00f3 acabo las finales del torneo infanto juvenil LigaPro Kids en el Parque Samanes, donde, de forma simult\u00e1nea, se disputaron las 14 finales de las diferentes categor\u00edas.<\/p>\n<p>El Alcalde Aquiles Alvarez estuvo presente la clausura del campeonato y mencion\u00f3 que \u201cuna de las cosas que queremos desde Guayaquil, con este gran ejemplo del torneo LigaPro Kids que hoy termina, es que se lo pueda replicar a lo largo del pa\u00eds, que lo piense el Municipio de Quito, el Municipio de Cuenca, de<br \/>\nManta. Esto no es un gasto, es una inversi\u00f3n\u201d.<\/p>\n<p>A\u00f1adi\u00f3 que \u201cel campeonato se ha jugado en todo Guayaquil, en todos los rincones de la ciudad y eso es important\u00edsimo para nosotros. Hoy es un d\u00eda hist\u00f3rico que se va a valorar en el tiempo\u201d.<\/p>\n<p>LigaPro Kids fue un torneo in\u00e9dito que sorprendi\u00f3 por su nivel de organizaci\u00f3n y el gran n\u00famero de inscritos. La iniciativa naci\u00f3 como parte de los esfuerzos de la Alcald\u00eda de Aquiles Alvarez, para recuperar el deporte en la ciudad y as\u00ed reconstruir el tejido social de la urbe.<\/p>\n<p>El concejal Ra\u00fal Chavez tambi\u00e9n acudi\u00f3 a la final. \u201cNosotros no podemos negar que venimos del f\u00fatbol, nosotros no podemos negar que amamos el futbol y a partir de eso elegimos al futbol para que sirva de veh\u00edculo y a partir de eso poder generar una verdadera reconstrucci\u00f3n del tejido social\u201d.<\/p>\n<p>Ch\u00e1vez destac\u00f3 tambi\u00e9n la recuperaci\u00f3n del Parque Samanes. \u201cEs un parque que hoy ya es de Guayaquil. La memoria es corta, pero hace un a\u00f1o este parque estaba destruido, hoy est\u00e1 activo, sirve a los guayaquile\u00f1os, hoy las familias vienen a hacer uso del parque y eso sin duda genera bienestar para todos\u201d.<\/p>\n<p>Por su parte, Miguel \u00c1ngel Loor, presidente de LigaPro, asegur\u00f3 que \u201ces tan importante lo que ha hecho la Alcald\u00eda de Guayaquil, chicos de otras ciudades vienen a competir a este torneo, la ciudad se convirti\u00f3 en el centro deportivo del futbol formativo de todo el Ecuador\u201d.<\/p>\n<p>Diego Floril, jugador de Pachuca Ecuador, a\u00f1adi\u00f3 que \u201cgracias al esfuerzo de todos estamos aqu\u00ed. Gracias al Alcalde por abrir este torneo y darnos la oportunidad de que varios scoutgins (reclutadores) sepan de nosotros, yo de grande quiero ser futbolista profesional\u201d.<\/p>\n<p>De esta forma se cerr\u00f3 LigaPro Kids que dur\u00f3 alrededor de 4 meses; tiempo en el que se disputaron m\u00e1s de 2.600 partidos a lo largo de toda la urbe, llevando futbol a los diferentes sectores y convirtiendo as\u00ed a Guayaquil en la Ciudad de Todos.<\/p>\n","protected":false},"excerpt":{"rendered":"<p>Guayaquil.- La ma\u00f1ana de este s\u00e1bado 6 de julio de 2024 se llev\u00f3 acabo las finales del torneo infanto juvenil LigaPro Kids en el Parque Samanes, donde, de forma simult\u00e1nea, se disputaron las 14 finales de las diferentes categor\u00edas. El Alcalde Aquiles Alvarez estuvo presente la clausura del campeonato y mencion\u00f3 que \u201cuna de las [&hellip;]<\/p>\n","protected":false},"author":2,"featured_media":16113,"comment_status":"open","ping_status":"closed","sticky":false,"template":"","format":"standard","meta":{"_jetpack_memberships_contains_paid_content":false,"footnotes":""},"categories":[9],"tags":[1749],"class_list":["post-16112","post","type-post","status-publish","format-standard","has-post-thumbnail","hentry","category-deportes","tag-liga-pro-kids"],"jetpack_featured_media_url":"https:\/\/radiocresatelital.com\/wp-content\/uploads\/2024\/07\/image00001-scaled.jpeg","jetpack_sharing_enabled":true,"_links":{"self":[{"href":"https:\/\/radiocresatelital.com\/index.php?rest_route=\/wp\/v2\/posts\/16112","targetHints":{"allow":["GET"]}}],"collection":[{"href":"https:\/\/radiocresatelital.com\/index.php?rest_route=\/wp\/v2\/posts"}],"about":[{"href":"https:\/\/radiocresatelital.com\/index.php?rest_route=\/wp\/v2\/types\/post"}],"author":[{"embeddable":true,"href":"https:\/\/radiocresatelital.com\/index.php?rest_route=\/wp\/v2\/users\/2"}],"replies":[{"embeddable":true,"href":"https:\/\/radiocresatelital.com\/index.php?rest_route=%2Fwp%2Fv2%2Fcomments&post=16112"}],"version-history":[{"count":1,"href":"https:\/\/radiocresatelital.com\/index.php?rest_route=\/wp\/v2\/posts\/16112\/revisions"}],"predecessor-version":[{"id":16114,"href":"https:\/\/radiocresatelital.com\/index.php?rest_route=\/wp\/v2\/posts\/16112\/revisions\/16114"}],"wp:featuredmedia":[{"embeddable":true,"href":"https:\/\/radiocresatelital.com\/index.php?rest_route=\/wp\/v2\/media\/16113"}],"wp:attachment":[{"href":"https:\/\/radiocresatelital.com\/index.php?rest_route=%2Fwp%2Fv2%2Fmedia&parent=16112"}],"wp:term":[{"taxonomy":"category","embeddable":true,"href":"https:\/\/radiocresatelital.com\/index.php?rest_route=%2Fwp%2Fv2%2Fcategories&post=16112"},{"taxonomy":"post_tag","embeddable":true,"href":"https:\/\/radiocresatelital.com\/index.php?rest_route=%2Fwp%2Fv2%2Ftags&post=16112"}],"curies":[{"name":"wp","href":"https:\/\/api.w.org\/{rel}","templated":true}]}}