{"id":16090,"date":"2024-07-05T21:22:44","date_gmt":"2024-07-05T21:22:44","guid":{"rendered":"https:\/\/radiocresatelital.com\/?p=16090"},"modified":"2024-07-05T21:22:44","modified_gmt":"2024-07-05T21:22:44","slug":"presidente-daniel-noboa-expreso-su-respaldo-a-los-deportistas-que-representaran-al-pais-en-los-juegos-olimpicos-de-paris-2024","status":"publish","type":"post","link":"https:\/\/radiocresatelital.com\/?p=16090","title":{"rendered":"Presidente Daniel Noboa expres\u00f3 su respaldo a los deportistas que representar\u00e1n al Pa\u00eds en los Juegos Ol\u00edmpicos de Par\u00eds 2024"},"content":{"rendered":"<p>Guayaquil.- \u201cEl Nuevo Ecuador cree en el deporte (\u2026). Recuerden que por sus venas corre sangre de un pueblo guerrero, valiente, que ha sabido salir adelante ante las adversidades y que lucha sin descanso por sus sue\u00f1os\u201d, fue el mensaje que el presidente de la Rep\u00fablica, Daniel Noboa Azin, extendi\u00f3 a los atletas que participar\u00e1n en los Juegos Ol\u00edmpicos de Paris 2024. En el acto de despedida a esta delegaci\u00f3n, celebrado en el Comit\u00e9 Ol\u00edmpico Ecuatoriano, tambi\u00e9n se conmemor\u00f3 los<br \/>\n100 a\u00f1os de olimpismo en el pa\u00eds.<\/p>\n<p>Precisamente, el Jefe de Estado se\u00f1al\u00f3 que as\u00ed como hace 100 a\u00f1os, cuando particip\u00f3 por primera vez nuestro equipo con apenas tres atletas: Alberto Jurado, Alberto Jarr\u00edn y Belisario Villac\u00eds \u201choy 100 a\u00f1os m\u00e1s tarde sentimos esa misma emoci\u00f3n y ese orgullo que nos une como pa\u00eds, bajo la misma bandera\u201d. Por ello, el Mandatario exalt\u00f3 la probidad, disciplina, sacrificio y dedicaci\u00f3n de los deportistas para colocar a la bandera tricolor en la palestra mundial.<\/p>\n<p>\u201cNuestros deportistas son inspiraci\u00f3n para los ni\u00f1os y para los j\u00f3venes que sue\u00f1an en grande, que sue\u00f1an en alcanzar sus metas. Estamos seguros de que ustedes pondr\u00e1n el nombre del Ecuador en lo m\u00e1s alto y todo el pa\u00eds estar\u00e1 apoy\u00e1ndolos\u201d, sostuvo.<\/p>\n<p>La pesista Neisi Dajomes expres\u00f3: \u201ctenemos el coraz\u00f3n, el alma y la vida. Nos hemos preparado mucho para estos juegos (\u2026). Es momento de demostrar el potencial que tienen el Ecuador en el deporte\u201d. As\u00ed tambi\u00e9n, el marchista atl\u00e9tico Daniel Pintado conmin\u00f3 a la poblaci\u00f3n a respaldar el trabajo y preparaci\u00f3n de los deportistas, pues su objetivo es sumar victorias que enorgullezcan a la naci\u00f3n.<\/p>\n<p>En el marco de este acto, Jorge Delgado Panchana, presidente del Comit\u00e9 Ol\u00edmpico Ecuatoriano, anticip\u00f3 con certeza que \u201cestos guerreros del deporte que nos van a llenar de orgullo\u201d, al tiempo que entreg\u00f3 al presidente de la Rep\u00fablica la camiseta \u201cla piel\u201d que llevar\u00e1n los atletas en este certamen mundial. Tambi\u00e9n, entreg\u00f3 al mandatario la obra; &#8216;Libro del centenario. Ecuador en Par\u00eds 1924&#8217;, de Ricardo Vasconcellos Rosado. El texto expone la primera participaci\u00f3n de deportistas ecuatorianos en Juegos Ol\u00edmpicos y los primeros indicios del deporte moderno en el pa\u00eds.<\/p>\n<p>Los Juegos Ol\u00edmpicos Par\u00eds 1924 se celebraron entre el 4 de mayo y el 27 de julio de 1924. La sede acogi\u00f3 a 3089 atletas de 44 pa\u00edses, 2956 hombres y 136 mujeres, en 17 deportes. Par\u00eds 2024 acoger\u00e1 los Juegos Ol\u00edmpicos del 26 de julio al 11 de agosto; la delegaci\u00f3n ecuatoriana estar\u00e1 conformada por 34 deportistas.<\/p>\n<p>Para los Juegos Ol\u00edmpicos de Par\u00eds 2024, el Gobierno del Nuevo Ecuador ha asignado USD. 817.000. De ese valor USD 642.000 se destinaron al Comit\u00e9 Ol\u00edmpico Ecuatoriano y USD 175.000 para el Comit\u00e9 Paral\u00edmpico Ecuatoriano.<\/p>\n","protected":false},"excerpt":{"rendered":"<p>Guayaquil.- \u201cEl Nuevo Ecuador cree en el deporte (\u2026). Recuerden que por sus venas corre sangre de un pueblo guerrero, valiente, que ha sabido salir adelante ante las adversidades y que lucha sin descanso por sus sue\u00f1os\u201d, fue el mensaje que el presidente de la Rep\u00fablica, Daniel Noboa Azin, extendi\u00f3 a los atletas que participar\u00e1n [&hellip;]<\/p>\n","protected":false},"author":2,"featured_media":16091,"comment_status":"open","ping_status":"closed","sticky":false,"template":"","format":"standard","meta":{"_jetpack_memberships_contains_paid_content":false,"footnotes":""},"categories":[9,1041],"tags":[16,2598,1322],"class_list":["post-16090","post","type-post","status-publish","format-standard","has-post-thumbnail","hentry","category-deportes","category-juegos-olimpicos","tag-comite-olimpico-ecuatoriano","tag-juegos-olimpicos-de-paris-2024","tag-presidente-daniel-noboa"],"jetpack_featured_media_url":"https:\/\/radiocresatelital.com\/wp-content\/uploads\/2024\/07\/53837791530_52fe1647d5_c.jpg","jetpack_sharing_enabled":true,"_links":{"self":[{"href":"https:\/\/radiocresatelital.com\/index.php?rest_route=\/wp\/v2\/posts\/16090","targetHints":{"allow":["GET"]}}],"collection":[{"href":"https:\/\/radiocresatelital.com\/index.php?rest_route=\/wp\/v2\/posts"}],"about":[{"href":"https:\/\/radiocresatelital.com\/index.php?rest_route=\/wp\/v2\/types\/post"}],"author":[{"embeddable":true,"href":"https:\/\/radiocresatelital.com\/index.php?rest_route=\/wp\/v2\/users\/2"}],"replies":[{"embeddable":true,"href":"https:\/\/radiocresatelital.com\/index.php?rest_route=%2Fwp%2Fv2%2Fcomments&post=16090"}],"version-history":[{"count":1,"href":"https:\/\/radiocresatelital.com\/index.php?rest_route=\/wp\/v2\/posts\/16090\/revisions"}],"predecessor-version":[{"id":16092,"href":"https:\/\/radiocresatelital.com\/index.php?rest_route=\/wp\/v2\/posts\/16090\/revisions\/16092"}],"wp:featuredmedia":[{"embeddable":true,"href":"https:\/\/radiocresatelital.com\/index.php?rest_route=\/wp\/v2\/media\/16091"}],"wp:attachment":[{"href":"https:\/\/radiocresatelital.com\/index.php?rest_route=%2Fwp%2Fv2%2Fmedia&parent=16090"}],"wp:term":[{"taxonomy":"category","embeddable":true,"href":"https:\/\/radiocresatelital.com\/index.php?rest_route=%2Fwp%2Fv2%2Fcategories&post=16090"},{"taxonomy":"post_tag","embeddable":true,"href":"https:\/\/radiocresatelital.com\/index.php?rest_route=%2Fwp%2Fv2%2Ftags&post=16090"}],"curies":[{"name":"wp","href":"https:\/\/api.w.org\/{rel}","templated":true}]}}