{"id":16040,"date":"2024-07-03T19:52:45","date_gmt":"2024-07-03T19:52:45","guid":{"rendered":"https:\/\/radiocresatelital.com\/?p=16040"},"modified":"2024-07-03T22:55:25","modified_gmt":"2024-07-03T22:55:25","slug":"el-60-de-los-ecuatorianos-eligen-las-playas-como-destino-vacacional","status":"publish","type":"post","link":"https:\/\/radiocresatelital.com\/?p=16040","title":{"rendered":"El 60% de los ecuatorianos eligen las playas como destino vacacional"},"content":{"rendered":"<p>Quito.- El 55% de los ecuatorianos prefieren hacer turismo dentro del pa\u00eds, seg\u00fan un reporte de la consultora de mercado Kantar, publicado en agosto de 2023. En el periodo 2024, los estudiantes de la regi\u00f3n Sierra y Amazon\u00eda iniciaron sus vacaciones que se extender\u00e1n entre julio y agosto hasta el 1 de septiembre.<\/p>\n<p>Como cada a\u00f1o, ni\u00f1os, j\u00f3venes y adultos disfrutan de sus destinos favoritos, donde las playas del Ecuador figuran como el destino principal, teniendo en cuenta que 7 de cada 10 personas viajan a la regi\u00f3n Costa. Seguido de la regi\u00f3n Sierra con el 36% y regi\u00f3n Amazon\u00eda con el 9%.<\/p>\n<p>Playas, parques tem\u00e1ticos y piscinas son los lugares m\u00e1s visitados, ofreciendo diversi\u00f3n y aventura para los m\u00e1s peque\u00f1os. Sin embargo, durante los \u00faltimos meses, en el Ecuador se ha vivido altos niveles de radiaci\u00f3n solar, especialmente en la regi\u00f3n Sierra y Costa, seg\u00fan el Instituto Nacional de Meteorolog\u00eda e Hidrolog\u00eda (Inamhi) ha catalogado esta radiaci\u00f3n solar de 12 a 14 puntos, siendo perjudicial para la salud en la piel.<\/p>\n<p>Con el aumento de la radiaci\u00f3n solar, es crucial tomar medidas para proteger la piel de los m\u00e1s peque\u00f1os y evitar da\u00f1os a largo plazo. El c\u00e1ncer de piel es poco com\u00fan en los ni\u00f1os. Sin embargo, seguir pr\u00e1cticas de protecci\u00f3n contra el sol es la mejor manera de prevenir el desarrollo de c\u00e1ncer en el futuro. \u201cLa mayor\u00eda de los ni\u00f1os no necesitan ex\u00e1menes cut\u00e1neos peri\u00f3dicos realizados por un dermat\u00f3logo para controlar el c\u00e1ncer de piel, a menos que tengan ciertos factores de riesgo\u201d, coment\u00f3 Cristina Sierra Pat\u00f3loga Cl\u00ednica de Megalabs<\/p>\n<p>La piel de los ni\u00f1os es m\u00e1s delicada y susceptible a los da\u00f1os causados por la radiaci\u00f3n, para reducir el riesgo, el uso regular de un fotoprotector solar es la base para la prevenci\u00f3n. Hoy en d\u00eda el protector solar convencional con cobertura a rayos UVA y UVB, no es suficiente, se debe considerar una cobertura amplia que cubra todo tipo de filtros de luz. Por ello, un fotoprotector solar con filtros de protecci\u00f3n UVA, UVB, UV, HEV, IR-A es la mejor opci\u00f3n, los mismos que constan en el frontal de la caja de todos los fotoprotectores solares.<\/p>\n<p>A continuaci\u00f3n, la especialista, Dra. Sierra ofrece algunas recomendaciones para proteger la piel de los m\u00e1s peque\u00f1os durante las vacaciones:<\/p>\n<ul>\n<li>Procuren que los ni\u00f1os no se expongan al sol sobre todo durante las horas en que los rayos UV son m\u00e1s intensos (entre las 10h00 am y 16h00 pm)<\/li>\n<li>Aseg\u00farese de aplicar un fotoprotector solar con filtros de protecci\u00f3n UVA,UVB, UV, HEV, IR-A de amplio espectro con un SPF de al menos 30. Es importante reaplicar cada dos a tres horas y despu\u00e9s de nadar o sudar.<\/li>\n<li>Dependiendo de la radiaci\u00f3n y tiempo de exposici\u00f3n solar a m\u00e1s del uso de fotoprotector recomendamos el uso de gorras, sombreros, gafas e incluso paraguas.<\/li>\n<li>Vista a los ni\u00f1os con ropa ligera y de colores claros que cubra la mayor parte del cuerpo.<\/li>\n<li>Mantenga a los ni\u00f1os bien hidratados ofreci\u00e9ndoles agua frecuentemente. La exposici\u00f3n al sol y el calor pueden causar deshidrataci\u00f3n r\u00e1pidamente.<\/li>\n<li>Siempre que sea posible, busque \u00e1reas sombreadas para descansar y jugar. Las sombrillas y carpas de playa son excelentes opciones para proporcionar sombra.<\/li>\n<\/ul>\n<p>De esta manera, Megalabs reconoce y mantiene su compromiso con la importancia de la fotoprotecci\u00f3n solar adecuada para el cuidado de la piel y en la prevenci\u00f3n de lesiones causadas por la exposici\u00f3n a los rayos UVA, UVB, luz visible y radiaci\u00f3n infrarroja para promover un entorno seguro y saludable para todos los ecuatorianos.<\/p>\n","protected":false},"excerpt":{"rendered":"<p>Quito.- El 55% de los ecuatorianos prefieren hacer turismo dentro del pa\u00eds, seg\u00fan un reporte de la consultora de mercado Kantar, publicado en agosto de 2023. En el periodo 2024, los estudiantes de la regi\u00f3n Sierra y Amazon\u00eda iniciaron sus vacaciones que se extender\u00e1n entre julio y agosto hasta el 1 de septiembre. Como cada [&hellip;]<\/p>\n","protected":false},"author":2,"featured_media":16041,"comment_status":"open","ping_status":"closed","sticky":false,"template":"","format":"standard","meta":{"_jetpack_memberships_contains_paid_content":false,"footnotes":""},"categories":[13],"tags":[2604],"class_list":["post-16040","post","type-post","status-publish","format-standard","has-post-thumbnail","hentry","category-noticias-nacionales","tag-kantar"],"jetpack_featured_media_url":"https:\/\/radiocresatelital.com\/wp-content\/uploads\/2024\/07\/WhatsApp-Image-2024-07-01-at-15.43.48.jpeg","jetpack_sharing_enabled":true,"_links":{"self":[{"href":"https:\/\/radiocresatelital.com\/index.php?rest_route=\/wp\/v2\/posts\/16040","targetHints":{"allow":["GET"]}}],"collection":[{"href":"https:\/\/radiocresatelital.com\/index.php?rest_route=\/wp\/v2\/posts"}],"about":[{"href":"https:\/\/radiocresatelital.com\/index.php?rest_route=\/wp\/v2\/types\/post"}],"author":[{"embeddable":true,"href":"https:\/\/radiocresatelital.com\/index.php?rest_route=\/wp\/v2\/users\/2"}],"replies":[{"embeddable":true,"href":"https:\/\/radiocresatelital.com\/index.php?rest_route=%2Fwp%2Fv2%2Fcomments&post=16040"}],"version-history":[{"count":1,"href":"https:\/\/radiocresatelital.com\/index.php?rest_route=\/wp\/v2\/posts\/16040\/revisions"}],"predecessor-version":[{"id":16042,"href":"https:\/\/radiocresatelital.com\/index.php?rest_route=\/wp\/v2\/posts\/16040\/revisions\/16042"}],"wp:featuredmedia":[{"embeddable":true,"href":"https:\/\/radiocresatelital.com\/index.php?rest_route=\/wp\/v2\/media\/16041"}],"wp:attachment":[{"href":"https:\/\/radiocresatelital.com\/index.php?rest_route=%2Fwp%2Fv2%2Fmedia&parent=16040"}],"wp:term":[{"taxonomy":"category","embeddable":true,"href":"https:\/\/radiocresatelital.com\/index.php?rest_route=%2Fwp%2Fv2%2Fcategories&post=16040"},{"taxonomy":"post_tag","embeddable":true,"href":"https:\/\/radiocresatelital.com\/index.php?rest_route=%2Fwp%2Fv2%2Ftags&post=16040"}],"curies":[{"name":"wp","href":"https:\/\/api.w.org\/{rel}","templated":true}]}}