{"id":16037,"date":"2024-07-03T22:49:47","date_gmt":"2024-07-03T22:49:47","guid":{"rendered":"https:\/\/radiocresatelital.com\/?p=16037"},"modified":"2024-07-03T22:49:47","modified_gmt":"2024-07-03T22:49:47","slug":"ciclista-del-giant-toscana-viajo-con-ilusion-a-cumplir-con-la-pasantia-en-el-caja-rural","status":"publish","type":"post","link":"https:\/\/radiocresatelital.com\/?p=16037","title":{"rendered":"Ciclista del GIANT Toscana viaj\u00f3 con ilusi\u00f3n a cumplir con la pasant\u00eda en el Caja Rural"},"content":{"rendered":"<p>Quito.- Con las maletas llenas de ilusi\u00f3n, el ciclista del GIANT Toscana Jhoffre Imbaquingo viaj\u00f3 este martes 2 de julio a Espa\u00f1a para iniciar la pasant\u00eda con el Caja Rural, equipo con el que entrenar\u00e1 y competir\u00e1 hasta finales de septiembre.<\/p>\n<p>Acompa\u00f1ado de sus padres: Guadalupe Benav\u00eddez y Arturo Imbaquingo, y de sus hermanos Paula y Jilmar; tambi\u00e9n integrante del GIANT Toscana, el sue\u00f1o del carchense es cumplir con un buen periodo de aprendizaje y abrir las puertas del ciclismo europeo.<\/p>\n<p>\u201cEstoy muy contento y agradecido con Dios por tener la oportunidad de hacer esta pasant\u00eda, en la que espero aprender mucho, desarrollarme como ciclista y aprovechar al m\u00e1ximo esta oportunidad de estar en el ciclismo europeo profesional\u201d, dijo el corredor de 19 a\u00f1os.<\/p>\n<p>Una vez realizado el check-in en la sala de preembarque, el reciente ganador de la medalla de bronce en la categor\u00eda Sub 23 del campeonato nacional 2024 sali\u00f3 a despedirse de sus familiares.<\/p>\n<p>Las l\u00e1grimas de felicidad y tristeza se notaban en los rostros de los Imbaquingo Benav\u00eddez. \u201cComo mam\u00e1 me siento orgullosa, algo triste porque es la primera vez que se va tanto tiempo, pero tambi\u00e9n alegre porque s\u00e9 que va a cumplir su sue\u00f1o\u201d, sostuvo Guadalupe.<\/p>\n<p>El primer paso del corredor del GIANT Toscana al llegar ser\u00e1 adaptarse al cambio de horario, al clima, la comida y casi de inmediato subirse a la bicicleta para entrenar y competir con el elenco espa\u00f1ol en el que tambi\u00e9n est\u00e1 su compatriota Jefferson Alveiro Cepeda.<\/p>\n<p>\u201cMe han comentado que en Espa\u00f1a es otra cultura, pero voy con la mentalidad de adaptarme r\u00e1pido y durante las carreras y entrenamientos dar lo mejor de m\u00ed.\u201d, coment\u00f3 Jhoffre, quien muy posiblemente este fin de semana tenga su primera competencia con el elenco que tiene como sede Pamplona.<\/p>\n<p>En la despedida, Imbaquingo agradeci\u00f3 el apoyo recibido de parte del GIANT Toscana, equipo con el que corri\u00f3 durante el primer semestre ganando etapas en cl\u00e1sicas, la medalla de bronce en el torneo nacional y proyect\u00e1ndose a la selecci\u00f3n nacional, con la que particip\u00f3 en el Panamericano de Ruta en Brasil.<\/p>\n<p>El objetivo del pedalista nacional es realizar una buena pasant\u00eda y lograr un contrato a largo plazo con el equipo profesional del Caja Rural.<\/p>\n","protected":false},"excerpt":{"rendered":"<p>Quito.- Con las maletas llenas de ilusi\u00f3n, el ciclista del GIANT Toscana Jhoffre Imbaquingo viaj\u00f3 este martes 2 de julio a Espa\u00f1a para iniciar la pasant\u00eda con el Caja Rural, equipo con el que entrenar\u00e1 y competir\u00e1 hasta finales de septiembre. Acompa\u00f1ado de sus padres: Guadalupe Benav\u00eddez y Arturo Imbaquingo, y de sus hermanos Paula [&hellip;]<\/p>\n","protected":false},"author":2,"featured_media":16038,"comment_status":"open","ping_status":"closed","sticky":false,"template":"","format":"standard","meta":{"_jetpack_memberships_contains_paid_content":false,"footnotes":""},"categories":[120,9],"tags":[1827,2603],"class_list":["post-16037","post","type-post","status-publish","format-standard","has-post-thumbnail","hentry","category-ciclismo","category-deportes","tag-giant-toscana","tag-jhoffre-imbaquingo"],"jetpack_featured_media_url":"https:\/\/radiocresatelital.com\/wp-content\/uploads\/2024\/07\/GIANT-toscana-Jhoffre-Imbaquingo.jpg.webp","jetpack_sharing_enabled":true,"_links":{"self":[{"href":"https:\/\/radiocresatelital.com\/index.php?rest_route=\/wp\/v2\/posts\/16037","targetHints":{"allow":["GET"]}}],"collection":[{"href":"https:\/\/radiocresatelital.com\/index.php?rest_route=\/wp\/v2\/posts"}],"about":[{"href":"https:\/\/radiocresatelital.com\/index.php?rest_route=\/wp\/v2\/types\/post"}],"author":[{"embeddable":true,"href":"https:\/\/radiocresatelital.com\/index.php?rest_route=\/wp\/v2\/users\/2"}],"replies":[{"embeddable":true,"href":"https:\/\/radiocresatelital.com\/index.php?rest_route=%2Fwp%2Fv2%2Fcomments&post=16037"}],"version-history":[{"count":1,"href":"https:\/\/radiocresatelital.com\/index.php?rest_route=\/wp\/v2\/posts\/16037\/revisions"}],"predecessor-version":[{"id":16039,"href":"https:\/\/radiocresatelital.com\/index.php?rest_route=\/wp\/v2\/posts\/16037\/revisions\/16039"}],"wp:featuredmedia":[{"embeddable":true,"href":"https:\/\/radiocresatelital.com\/index.php?rest_route=\/wp\/v2\/media\/16038"}],"wp:attachment":[{"href":"https:\/\/radiocresatelital.com\/index.php?rest_route=%2Fwp%2Fv2%2Fmedia&parent=16037"}],"wp:term":[{"taxonomy":"category","embeddable":true,"href":"https:\/\/radiocresatelital.com\/index.php?rest_route=%2Fwp%2Fv2%2Fcategories&post=16037"},{"taxonomy":"post_tag","embeddable":true,"href":"https:\/\/radiocresatelital.com\/index.php?rest_route=%2Fwp%2Fv2%2Ftags&post=16037"}],"curies":[{"name":"wp","href":"https:\/\/api.w.org\/{rel}","templated":true}]}}