{"id":16029,"date":"2024-07-03T21:54:43","date_gmt":"2024-07-03T21:54:43","guid":{"rendered":"https:\/\/radiocresatelital.com\/?p=16029"},"modified":"2024-07-03T21:54:43","modified_gmt":"2024-07-03T21:54:43","slug":"comite-organizador-de-los-juegos-olimpicos-paris-2024-niega-rumores-sobre-aplazar-los-juegos-olimpicos","status":"publish","type":"post","link":"https:\/\/radiocresatelital.com\/?p=16029","title":{"rendered":"Comit\u00e9 Organizador de los Juegos Ol\u00edmpicos Par\u00eds 2024 niega rumores sobre aplazar los Juegos Ol\u00edmpicos"},"content":{"rendered":"<p>Par\u00eds.- El Comit\u00e9 Organizador de los Juegos Ol\u00edmpicos Par\u00eds 2024 ha negado rotundamente diferentes reportes de prensa francesa que indican por parte del Presidente del Comit\u00e9 Ol\u00edmpico Internacional (COI), el alem\u00e1n Thomas Bach, planea \u00abanular o aplazar\u00bb los Juegos Ol\u00edmpicos ante la situaci\u00f3n pol\u00edtica en ese pa\u00eds.<\/p>\n<p>El semanario franc\u00e9s Le Point public\u00f3 que Bach se concedi\u00f3 \u00abhasta mediados de julio para decidir\u00bb respecto de Par\u00eds 2024 ante las elecciones adelantadas por el presidente de Francia, Emmanuel Macron.<\/p>\n<p>Pero el Comit\u00e9 Organizador de Par\u00eds 2024 calific\u00f3 ese reporte como \u00abcampa\u00f1a de fake news en curso\u00bb.<\/p>\n<p>En el art\u00edculo, firmado por el editor Nicolas Baverez, se afirma que Bach afirm\u00f3 en p\u00fablico que \u00ablas elecciones son un proceso democr\u00e1tico que interfiere con los Juegos Ol\u00edmpicos\u00bb.<\/p>\n<p>Pero en privado, seg\u00fan Baverez, el presidente del COI piensa distinto y \u00abse concedi\u00f3 hasta mediados de julio para confirmar, anular o aplazar los Juegos\u00bb, con el \u00abda\u00f1o colateral de volver a poner en discusi\u00f3n la candidatura de los Alpes franceses para los Juegos Invernales de 2030\u00bb.<\/p>\n<p>Asimismo, el texto sostiene que Bach qued\u00f3 \u00abconmocionado\u00bb por la disoluci\u00f3n del Parlamento y \u00abse asust\u00f3 por las declaraciones de Emmanuel Macron sobre el temor de una guerra civil en caso de victoria de sus adversarios\u00bb.<\/p>\n<p>Pero el COI se adelant\u00f3 a la publicaci\u00f3n del art\u00edculo (prevista este jueves 4) y asegur\u00f3 que se trata de \u00abuna campa\u00f1a de desinformaci\u00f3n en curso contra Francia, el COI, su Presidente, y los Juegos Ol\u00edmpicos\u00bb.<\/p>\n<p>Bach y \u00abtodo el movimiento ol\u00edmpico esperan con ansiedad estos hermosos Juegos Ol\u00edmpicos de Par\u00eds 2024, que comenzar\u00e1n el 26 de julio con la ceremonia de apertura\u00bb, completa la nota del COI.<\/p>\n<p>Asimismo, el Comit\u00e9 Organizador indic\u00f3 que \u00abPar\u00eds 2024 tom\u00f3 conocimiento de la circulaci\u00f3n de una fake news sobre una anulaci\u00f3n de los Juegos en Par\u00eds\u00bb y agreg\u00f3 que \u00abPar\u00eds 2024 desmiente esta informaci\u00f3n y pide no reproducirla\u00bb.<\/p>\n<p>Por \u00faltimo, el Comit\u00e9 Organizador anunci\u00f3 que desea \u00abrevisar el origen de esta fake news\u00bb.<\/p>\n","protected":false},"excerpt":{"rendered":"<p>Par\u00eds.- El Comit\u00e9 Organizador de los Juegos Ol\u00edmpicos Par\u00eds 2024 ha negado rotundamente diferentes reportes de prensa francesa que indican por parte del Presidente del Comit\u00e9 Ol\u00edmpico Internacional (COI), el alem\u00e1n Thomas Bach, planea \u00abanular o aplazar\u00bb los Juegos Ol\u00edmpicos ante la situaci\u00f3n pol\u00edtica en ese pa\u00eds. El semanario franc\u00e9s Le Point public\u00f3 que Bach [&hellip;]<\/p>\n","protected":false},"author":2,"featured_media":15641,"comment_status":"open","ping_status":"closed","sticky":false,"template":"","format":"standard","meta":{"_jetpack_memberships_contains_paid_content":false,"footnotes":""},"categories":[1041],"tags":[2598],"class_list":["post-16029","post","type-post","status-publish","format-standard","has-post-thumbnail","hentry","category-juegos-olimpicos","tag-juegos-olimpicos-de-paris-2024"],"jetpack_featured_media_url":"https:\/\/radiocresatelital.com\/wp-content\/uploads\/2024\/06\/anillos-olimpicos-deporte-e1655494846983.jpg","jetpack_sharing_enabled":true,"_links":{"self":[{"href":"https:\/\/radiocresatelital.com\/index.php?rest_route=\/wp\/v2\/posts\/16029","targetHints":{"allow":["GET"]}}],"collection":[{"href":"https:\/\/radiocresatelital.com\/index.php?rest_route=\/wp\/v2\/posts"}],"about":[{"href":"https:\/\/radiocresatelital.com\/index.php?rest_route=\/wp\/v2\/types\/post"}],"author":[{"embeddable":true,"href":"https:\/\/radiocresatelital.com\/index.php?rest_route=\/wp\/v2\/users\/2"}],"replies":[{"embeddable":true,"href":"https:\/\/radiocresatelital.com\/index.php?rest_route=%2Fwp%2Fv2%2Fcomments&post=16029"}],"version-history":[{"count":1,"href":"https:\/\/radiocresatelital.com\/index.php?rest_route=\/wp\/v2\/posts\/16029\/revisions"}],"predecessor-version":[{"id":16030,"href":"https:\/\/radiocresatelital.com\/index.php?rest_route=\/wp\/v2\/posts\/16029\/revisions\/16030"}],"wp:featuredmedia":[{"embeddable":true,"href":"https:\/\/radiocresatelital.com\/index.php?rest_route=\/wp\/v2\/media\/15641"}],"wp:attachment":[{"href":"https:\/\/radiocresatelital.com\/index.php?rest_route=%2Fwp%2Fv2%2Fmedia&parent=16029"}],"wp:term":[{"taxonomy":"category","embeddable":true,"href":"https:\/\/radiocresatelital.com\/index.php?rest_route=%2Fwp%2Fv2%2Fcategories&post=16029"},{"taxonomy":"post_tag","embeddable":true,"href":"https:\/\/radiocresatelital.com\/index.php?rest_route=%2Fwp%2Fv2%2Ftags&post=16029"}],"curies":[{"name":"wp","href":"https:\/\/api.w.org\/{rel}","templated":true}]}}